{"id":1043,"date":"2017-08-01T09:21:00","date_gmt":"2017-08-01T09:21:00","guid":{"rendered":"http:\/\/www.iesislaverde.es\/?p=1043"},"modified":"2019-11-17T08:19:13","modified_gmt":"2019-11-17T08:19:13","slug":"programa-de-gratuidad-libros-de-texto-2017-2018","status":"publish","type":"post","link":"https:\/\/dev.iesislaverde.es\/index.php\/2017\/08\/01\/programa-de-gratuidad-libros-de-texto-2017-2018\/","title":{"rendered":"Programa de Gratuidad Libros de Texto"},"content":{"rendered":"<p>Seg\u00fan Instrucciones sobre el Programa de Gratuidad de Libros de Texto para el curso escolar 2017\/2018, se establece la renovaci\u00f3n de los mismos en los cursos 2\u00ba y 4\u00ba ESO. Para poder reservarlos, pod\u00e9is consultar el listado en el instituto o en nuestra p\u00e1gina web. Los cheque-libros estar\u00e1n disponibles en septiembre en la secretar\u00eda del centro. Se avisar\u00e1 a los delegados de padres de los cursos correspondientes para que pod\u00e1is pasar a retirarlos.<\/p>\n","protected":false},"excerpt":{"rendered":"<p>Seg\u00fan Instrucciones sobre el Programa de Gratuidad de Libros de Texto para el curso escolar 2017\/2018, se establece la renovaci\u00f3n de los mismos en los cursos 2\u00ba y 4\u00ba ESO. Para poder reservarlos, pod\u00e9is consultar el listado en el instituto o en nuestra p\u00e1gina web. Los cheque-libros estar\u00e1n disponibles en septiembre en la secretar\u00eda del [&hellip;]<\/p>\n","protected":false},"author":15,"featured_media":0,"comment_status":"closed","ping_status":"closed","sticky":false,"template":"","format":"standard","meta":{"footnotes":""},"categories":[1],"tags":[],"class_list":["post-1043","post","type-post","status-publish","format-standard","hentry","category-isla-verde"],"_links":{"self":[{"href":"https:\/\/dev.iesislaverde.es\/index.php\/wp-json\/wp\/v2\/posts\/1043","targetHints":{"allow":["GET"]}}],"collection":[{"href":"https:\/\/dev.iesislaverde.es\/index.php\/wp-json\/wp\/v2\/posts"}],"about":[{"href":"https:\/\/dev.iesislaverde.es\/index.php\/wp-json\/wp\/v2\/types\/post"}],"author":[{"embeddable":true,"href":"https:\/\/dev.iesislaverde.es\/index.php\/wp-json\/wp\/v2\/users\/15"}],"replies":[{"embeddable":true,"href":"https:\/\/dev.iesislaverde.es\/index.php\/wp-json\/wp\/v2\/comments?post=1043"}],"version-history":[{"count":1,"href":"https:\/\/dev.iesislaverde.es\/index.php\/wp-json\/wp\/v2\/posts\/1043\/revisions"}],"predecessor-version":[{"id":2417,"href":"https:\/\/dev.iesislaverde.es\/index.php\/wp-json\/wp\/v2\/posts\/1043\/revisions\/2417"}],"wp:attachment":[{"href":"https:\/\/dev.iesislaverde.es\/index.php\/wp-json\/wp\/v2\/media?parent=1043"}],"wp:term":[{"taxonomy":"category","embeddable":true,"href":"https:\/\/dev.iesislaverde.es\/index.php\/wp-json\/wp\/v2\/categories?post=1043"},{"taxonomy":"post_tag","embeddable":true,"href":"https:\/\/dev.iesislaverde.es\/index.php\/wp-json\/wp\/v2\/tags?post=1043"}],"curies":[{"name":"wp","href":"https:\/\/api.w.org\/{rel}","templated":true}]}}