{"id":1049,"date":"2018-05-09T11:03:03","date_gmt":"2018-05-09T11:03:03","guid":{"rendered":"http:\/\/www.iesislaverde.es\/?p=1049"},"modified":"2019-11-17T08:19:13","modified_gmt":"2019-11-17T08:19:13","slug":"matriculacion-en-fp","status":"publish","type":"post","link":"https:\/\/dev.iesislaverde.es\/index.php\/2018\/05\/09\/matriculacion-en-fp\/","title":{"rendered":"Matriculaci\u00f3n en FP"},"content":{"rendered":"<p>A trav\u00e9s de nuestra <a href=\"https:\/\/dev.iesislaverde.es\/index.php\/secretaria-virtual\/\">Secretar\u00eda Virtual<\/a> puede informarse de todo el calendario de admisi\u00f3n as\u00ed como a los enlaces al Portal de FP de la Consejer\u00eda de Educaci\u00f3n y descargar los diferentes impresos de matriculaci\u00f3n una vez ha sido admitido en alguna de las adjudicaciones.<\/p>\n<p>Asimismo tambi\u00e9n puede descargar informaci\u00f3n acerca de la modalidad de FP Dual.<\/p>\n","protected":false},"excerpt":{"rendered":"<p>A trav\u00e9s de nuestra Secretar\u00eda Virtual puede informarse de todo el calendario de admisi\u00f3n as\u00ed como a los enlaces al Portal de FP de la Consejer\u00eda de Educaci\u00f3n y descargar los diferentes impresos de matriculaci\u00f3n una vez ha sido admitido en alguna de las adjudicaciones. Asimismo tambi\u00e9n puede descargar informaci\u00f3n acerca de la modalidad de [&hellip;]<\/p>\n","protected":false},"author":15,"featured_media":0,"comment_status":"closed","ping_status":"closed","sticky":false,"template":"","format":"standard","meta":{"footnotes":""},"categories":[1],"tags":[],"class_list":["post-1049","post","type-post","status-publish","format-standard","hentry","category-isla-verde"],"_links":{"self":[{"href":"https:\/\/dev.iesislaverde.es\/index.php\/wp-json\/wp\/v2\/posts\/1049","targetHints":{"allow":["GET"]}}],"collection":[{"href":"https:\/\/dev.iesislaverde.es\/index.php\/wp-json\/wp\/v2\/posts"}],"about":[{"href":"https:\/\/dev.iesislaverde.es\/index.php\/wp-json\/wp\/v2\/types\/post"}],"author":[{"embeddable":true,"href":"https:\/\/dev.iesislaverde.es\/index.php\/wp-json\/wp\/v2\/users\/15"}],"replies":[{"embeddable":true,"href":"https:\/\/dev.iesislaverde.es\/index.php\/wp-json\/wp\/v2\/comments?post=1049"}],"version-history":[{"count":1,"href":"https:\/\/dev.iesislaverde.es\/index.php\/wp-json\/wp\/v2\/posts\/1049\/revisions"}],"predecessor-version":[{"id":2414,"href":"https:\/\/dev.iesislaverde.es\/index.php\/wp-json\/wp\/v2\/posts\/1049\/revisions\/2414"}],"wp:attachment":[{"href":"https:\/\/dev.iesislaverde.es\/index.php\/wp-json\/wp\/v2\/media?parent=1049"}],"wp:term":[{"taxonomy":"category","embeddable":true,"href":"https:\/\/dev.iesislaverde.es\/index.php\/wp-json\/wp\/v2\/categories?post=1049"},{"taxonomy":"post_tag","embeddable":true,"href":"https:\/\/dev.iesislaverde.es\/index.php\/wp-json\/wp\/v2\/tags?post=1049"}],"curies":[{"name":"wp","href":"https:\/\/api.w.org\/{rel}","templated":true}]}}