{"id":1056,"date":"2017-08-09T11:12:51","date_gmt":"2017-08-09T11:12:51","guid":{"rendered":"http:\/\/www.iesislaverde.es\/?p=1056"},"modified":"2019-11-17T08:19:13","modified_gmt":"2019-11-17T08:19:13","slug":"jornada-de-recepcion-del-alumnado-15-de-septiembre","status":"publish","type":"post","link":"https:\/\/dev.iesislaverde.es\/index.php\/2017\/08\/09\/jornada-de-recepcion-del-alumnado-15-de-septiembre\/","title":{"rendered":"Jornada de Recepci\u00f3n del alumnado. 15 de septiembre"},"content":{"rendered":"<p>1\u00aa jornada lectiva<\/p>\n<p>VIERNES 15 DE SEPTIEMBRE DE 2017<br \/>\n<img loading=\"lazy\" decoding=\"async\" class=\"alignnone size-medium wp-image-1079\" src=\"https:\/\/dev.iesislaverde.es\/wp-content\/uploads\/2018\/05\/Captura-de-pantalla-2018-05-09-a-las-13.36.57-300x169.png\" alt=\"\" width=\"300\" height=\"169\" srcset=\"https:\/\/dev.iesislaverde.es\/wp-content\/uploads\/2018\/05\/Captura-de-pantalla-2018-05-09-a-las-13.36.57-300x169.png 300w, https:\/\/dev.iesislaverde.es\/wp-content\/uploads\/2018\/05\/Captura-de-pantalla-2018-05-09-a-las-13.36.57-768x432.png 768w, https:\/\/dev.iesislaverde.es\/wp-content\/uploads\/2018\/05\/Captura-de-pantalla-2018-05-09-a-las-13.36.57-1024x576.png 1024w, https:\/\/dev.iesislaverde.es\/wp-content\/uploads\/2018\/05\/Captura-de-pantalla-2018-05-09-a-las-13.36.57.png 1230w\" sizes=\"auto, (max-width: 300px) 100vw, 300px\" \/><\/p>\n<p>El listado de alumnos y alumnas por clases estar\u00e1 disponible el d\u00eda 15 en la entrada del centro.<\/p>\n<p>Se recuerda al alumnado que:<\/p>\n<p>\u00b7\u00a0\u00a0\u00a0\u00a0\u00a0Deber\u00e1 venir provisto de material escolar (cuaderno y bol\u00edgrafo).<\/p>\n<p>\u00b7\u00a0\u00a0\u00a0\u00a0\u00a0De 11:25 h.\u00a0 a 11:55 h. tendremos el recreo.<\/p>\n<p>\u00b7\u00a0\u00a0\u00a0\u00a0\u00a0El alumnado de 2\u00ba ESO y 4\u00ba ESO deber\u00e1 traer\u00a0<u>TODOS LOS LIBROS<\/u>\u00a0adquiridos con el cheque-libros\u00a0<u>FORRADOS<\/u>.<\/p>\n<p>\u00b7\u00a0\u00a0\u00a0\u00a0\u00a0El reparto de libros de texto de 1\u00ba ESO y 3\u00ba ESO se efectuar\u00e1 el mismo d\u00eda 15 por lo que se recomienda traer una mochila vac\u00eda.<\/p>\n<p>La hora de salida ser\u00e1 las 14:00h para todos los grupos.<\/p>\n","protected":false},"excerpt":{"rendered":"<p>1\u00aa jornada lectiva VIERNES 15 DE SEPTIEMBRE DE 2017 El listado de alumnos y alumnas por clases estar\u00e1 disponible el d\u00eda 15 en la entrada del centro. Se recuerda al alumnado que: \u00b7\u00a0\u00a0\u00a0\u00a0\u00a0Deber\u00e1 venir provisto de material escolar (cuaderno y bol\u00edgrafo). \u00b7\u00a0\u00a0\u00a0\u00a0\u00a0De 11:25 h.\u00a0 a 11:55 h. tendremos el recreo. \u00b7\u00a0\u00a0\u00a0\u00a0\u00a0El alumnado de 2\u00ba ESO [&hellip;]<\/p>\n","protected":false},"author":15,"featured_media":0,"comment_status":"closed","ping_status":"closed","sticky":false,"template":"","format":"standard","meta":{"footnotes":""},"categories":[1],"tags":[],"class_list":["post-1056","post","type-post","status-publish","format-standard","hentry","category-isla-verde"],"_links":{"self":[{"href":"https:\/\/dev.iesislaverde.es\/index.php\/wp-json\/wp\/v2\/posts\/1056","targetHints":{"allow":["GET"]}}],"collection":[{"href":"https:\/\/dev.iesislaverde.es\/index.php\/wp-json\/wp\/v2\/posts"}],"about":[{"href":"https:\/\/dev.iesislaverde.es\/index.php\/wp-json\/wp\/v2\/types\/post"}],"author":[{"embeddable":true,"href":"https:\/\/dev.iesislaverde.es\/index.php\/wp-json\/wp\/v2\/users\/15"}],"replies":[{"embeddable":true,"href":"https:\/\/dev.iesislaverde.es\/index.php\/wp-json\/wp\/v2\/comments?post=1056"}],"version-history":[{"count":1,"href":"https:\/\/dev.iesislaverde.es\/index.php\/wp-json\/wp\/v2\/posts\/1056\/revisions"}],"predecessor-version":[{"id":2415,"href":"https:\/\/dev.iesislaverde.es\/index.php\/wp-json\/wp\/v2\/posts\/1056\/revisions\/2415"}],"wp:attachment":[{"href":"https:\/\/dev.iesislaverde.es\/index.php\/wp-json\/wp\/v2\/media?parent=1056"}],"wp:term":[{"taxonomy":"category","embeddable":true,"href":"https:\/\/dev.iesislaverde.es\/index.php\/wp-json\/wp\/v2\/categories?post=1056"},{"taxonomy":"post_tag","embeddable":true,"href":"https:\/\/dev.iesislaverde.es\/index.php\/wp-json\/wp\/v2\/tags?post=1056"}],"curies":[{"name":"wp","href":"https:\/\/api.w.org\/{rel}","templated":true}]}}