{"id":1081,"date":"2018-05-09T11:46:29","date_gmt":"2018-05-09T11:46:29","guid":{"rendered":"http:\/\/www.iesislaverde.es\/?p=1081"},"modified":"2019-11-17T08:18:46","modified_gmt":"2019-11-17T08:18:46","slug":"calendario-2017-2018-dias-no-lectivos","status":"publish","type":"post","link":"https:\/\/dev.iesislaverde.es\/index.php\/2018\/05\/09\/calendario-2017-2018-dias-no-lectivos\/","title":{"rendered":"Calendario 2017-2018. D\u00edas no lectivos"},"content":{"rendered":"<p>Los d\u00edas festivos de \u00e1mbito nacional y auton\u00f3mico establecidos son:<\/p>\n<ul>\n<li>12 de octubre de 2017: Fiesta Nacional de Espa\u00f1a.<\/li>\n<li>1 de noviembre de 2017: Festividad de Todos los Santos.<\/li>\n<li>6 de diciembre de 2017: D\u00eda de la Constituci\u00f3n.<\/li>\n<li>7 de diciembre de 2017: D\u00eda no lectivo provincial.<\/li>\n<li>8 de diciembre de 2017: D\u00eda de la Inmaculada.<\/li>\n<li>Del 23 de diciembre de 2017 al 7 de enero de 2018 inclusive: Periodo vacacional de Navidad.<\/li>\n<li>28 de febrero de 2018: D\u00eda de Andaluc\u00eda.<\/li>\n<li>Del 26 de marzo al 1 de abril de 2018 inclusive: Periodo Vacacional de Semana Santa.<\/li>\n<li>30 de abril de 2018: d\u00eda de la Comunidad Educativa.<\/li>\n<li>1 de mayo de 2018: D\u00eda del Trabajo.<\/li>\n<li>13 de octubre de 2017, 26 y 27 de febrero 2018: D\u00edas no lectivos establecidos por el Consejo Escolar Municipal.<\/li>\n<\/ul>\n","protected":false},"excerpt":{"rendered":"<p>Los d\u00edas festivos de \u00e1mbito nacional y auton\u00f3mico establecidos son: 12 de octubre de 2017: Fiesta Nacional de Espa\u00f1a. 1 de noviembre de 2017: Festividad de Todos los Santos. 6 de diciembre de 2017: D\u00eda de la Constituci\u00f3n. 7 de diciembre de 2017: D\u00eda no lectivo provincial. 8 de diciembre de 2017: D\u00eda de la [&hellip;]<\/p>\n","protected":false},"author":15,"featured_media":0,"comment_status":"closed","ping_status":"closed","sticky":false,"template":"","format":"standard","meta":{"footnotes":""},"categories":[1],"tags":[],"class_list":["post-1081","post","type-post","status-publish","format-standard","hentry","category-isla-verde"],"_links":{"self":[{"href":"https:\/\/dev.iesislaverde.es\/index.php\/wp-json\/wp\/v2\/posts\/1081","targetHints":{"allow":["GET"]}}],"collection":[{"href":"https:\/\/dev.iesislaverde.es\/index.php\/wp-json\/wp\/v2\/posts"}],"about":[{"href":"https:\/\/dev.iesislaverde.es\/index.php\/wp-json\/wp\/v2\/types\/post"}],"author":[{"embeddable":true,"href":"https:\/\/dev.iesislaverde.es\/index.php\/wp-json\/wp\/v2\/users\/15"}],"replies":[{"embeddable":true,"href":"https:\/\/dev.iesislaverde.es\/index.php\/wp-json\/wp\/v2\/comments?post=1081"}],"version-history":[{"count":1,"href":"https:\/\/dev.iesislaverde.es\/index.php\/wp-json\/wp\/v2\/posts\/1081\/revisions"}],"predecessor-version":[{"id":2412,"href":"https:\/\/dev.iesislaverde.es\/index.php\/wp-json\/wp\/v2\/posts\/1081\/revisions\/2412"}],"wp:attachment":[{"href":"https:\/\/dev.iesislaverde.es\/index.php\/wp-json\/wp\/v2\/media?parent=1081"}],"wp:term":[{"taxonomy":"category","embeddable":true,"href":"https:\/\/dev.iesislaverde.es\/index.php\/wp-json\/wp\/v2\/categories?post=1081"},{"taxonomy":"post_tag","embeddable":true,"href":"https:\/\/dev.iesislaverde.es\/index.php\/wp-json\/wp\/v2\/tags?post=1081"}],"curies":[{"name":"wp","href":"https:\/\/api.w.org\/{rel}","templated":true}]}}