{"id":1100,"date":"2018-05-09T13:28:06","date_gmt":"2018-05-09T13:28:06","guid":{"rendered":"http:\/\/www.iesislaverde.es\/?p=1100"},"modified":"2019-11-17T08:18:45","modified_gmt":"2019-11-17T08:18:45","slug":"uso-de-pasen-e-ipasen-familias","status":"publish","type":"post","link":"https:\/\/dev.iesislaverde.es\/index.php\/2018\/05\/09\/uso-de-pasen-e-ipasen-familias\/","title":{"rendered":"Uso de PASEN e iPasen familias"},"content":{"rendered":"<p>Estimadas familias:<\/p>\n<p>Desde la plataforma PASEN y la app iPasen podr\u00e9is acceder a multitud de datos de inter\u00e9s de vuestros hijos e hijas tales como: faltas de asistencia, disciplina, comunicaciones,..as\u00ed como poder comunicaros directamente con el profesorado, justificar ausencias, solicitar tutor\u00eda, etc.<\/p>\n<p>Deber\u00e9is de tener clave de acceso de cursos anteriores, y si no es el caso est\u00e1 disponible un nuevo procedimiento de &#8220;autologin&#8221; para usuarios con perfiles tutor\/a legal y alumnado (tanto emancipado como no), mediante el cual cualquier padre\/madre o alumno\/a podr\u00e1 realizar un proceso de &#8220;autologin&#8221; para obtener las credenciales de acceso a PASEN. Este proceso es compatible con el sistema tradicional de emisi\u00f3n de credenciales en papel para ser entregadas a las familias presencialmente.<\/p>\n<p>Para realizar el &#8220;autologin&#8221; a trav\u00e9s de la aplicaci\u00f3n web o de la app, las familias deber\u00e1n pinchar en el enlace &#8216;No tengo acceso&#8217; de la pantalla de login. Se requerir\u00e1n tres datos: El NIF, una fecha de nacimiento (de algunos de sus hijos\/as o la suya propia) y un n\u00famero de tel\u00e9fono m\u00f3vil donde recibir\u00e1 por SMS las credenciales. Este \u00faltimo deber\u00e1 coincidir con el que consta en S\u00e9neca para los tutores legales o para el alumnado.<\/p>\n<p><iframe loading=\"lazy\" src=\"https:\/\/www.youtube.com\/embed\/7ShGT1uK_Wg\" width=\"560\" height=\"315\" frameborder=\"0\" allowfullscreen=\"allowfullscreen\"><\/iframe><br \/>\nURL de acceso web a PASEN para las familias: <a href=\"http:\/\/www.juntadeandalucia.es\/educacion\/portals\/web\/ced\/pasen\">PASEN<\/a><\/p>\n","protected":false},"excerpt":{"rendered":"<p>Estimadas familias: Desde la plataforma PASEN y la app iPasen podr\u00e9is acceder a multitud de datos de inter\u00e9s de vuestros hijos e hijas tales como: faltas de asistencia, disciplina, comunicaciones,..as\u00ed como poder comunicaros directamente con el profesorado, justificar ausencias, solicitar tutor\u00eda, etc. Deber\u00e9is de tener clave de acceso de cursos anteriores, y si no es [&hellip;]<\/p>\n","protected":false},"author":15,"featured_media":1101,"comment_status":"closed","ping_status":"closed","sticky":false,"template":"","format":"standard","meta":{"footnotes":""},"categories":[1],"tags":[],"class_list":["post-1100","post","type-post","status-publish","format-standard","has-post-thumbnail","hentry","category-isla-verde"],"_links":{"self":[{"href":"https:\/\/dev.iesislaverde.es\/index.php\/wp-json\/wp\/v2\/posts\/1100","targetHints":{"allow":["GET"]}}],"collection":[{"href":"https:\/\/dev.iesislaverde.es\/index.php\/wp-json\/wp\/v2\/posts"}],"about":[{"href":"https:\/\/dev.iesislaverde.es\/index.php\/wp-json\/wp\/v2\/types\/post"}],"author":[{"embeddable":true,"href":"https:\/\/dev.iesislaverde.es\/index.php\/wp-json\/wp\/v2\/users\/15"}],"replies":[{"embeddable":true,"href":"https:\/\/dev.iesislaverde.es\/index.php\/wp-json\/wp\/v2\/comments?post=1100"}],"version-history":[{"count":1,"href":"https:\/\/dev.iesislaverde.es\/index.php\/wp-json\/wp\/v2\/posts\/1100\/revisions"}],"predecessor-version":[{"id":2409,"href":"https:\/\/dev.iesislaverde.es\/index.php\/wp-json\/wp\/v2\/posts\/1100\/revisions\/2409"}],"wp:featuredmedia":[{"embeddable":true,"href":"https:\/\/dev.iesislaverde.es\/index.php\/wp-json\/wp\/v2\/media\/1101"}],"wp:attachment":[{"href":"https:\/\/dev.iesislaverde.es\/index.php\/wp-json\/wp\/v2\/media?parent=1100"}],"wp:term":[{"taxonomy":"category","embeddable":true,"href":"https:\/\/dev.iesislaverde.es\/index.php\/wp-json\/wp\/v2\/categories?post=1100"},{"taxonomy":"post_tag","embeddable":true,"href":"https:\/\/dev.iesislaverde.es\/index.php\/wp-json\/wp\/v2\/tags?post=1100"}],"curies":[{"name":"wp","href":"https:\/\/api.w.org\/{rel}","templated":true}]}}