{"id":1105,"date":"2018-05-09T13:31:57","date_gmt":"2018-05-09T13:31:57","guid":{"rendered":"http:\/\/www.iesislaverde.es\/?p=1105"},"modified":"2019-11-17T08:18:45","modified_gmt":"2019-11-17T08:18:45","slug":"concurso-microrrelatos-25n","status":"publish","type":"post","link":"https:\/\/dev.iesislaverde.es\/index.php\/2018\/05\/09\/concurso-microrrelatos-25n\/","title":{"rendered":"Concurso Microrrelatos 25N"},"content":{"rendered":"<p>Con motivo de la conmemoraci\u00f3n el 25 de noviembre del D\u00eda Contra la Violencia de G\u00e9nero, se ha convocado un concurso de microrrelatos, dirigido a toda la comunidad educativa del IES Isla Verde. Las bases del concurso pueden consultarse en el siguiente enlace:<\/p>\n<p><a href=\"https:\/\/www.dropbox.com\/s\/su54vh0awudfdd6\/CONCURSO%20MICRORRELATOS.pdf?dl=0\">CONCURSO MICRORRELATOS 25N<\/a><\/p>\n<p>Dada la importancia del tema a tratar, os animamos a tod@s a participar.<\/p>\n","protected":false},"excerpt":{"rendered":"<p>Con motivo de la conmemoraci\u00f3n el 25 de noviembre del D\u00eda Contra la Violencia de G\u00e9nero, se ha convocado un concurso de microrrelatos, dirigido a toda la comunidad educativa del IES Isla Verde. Las bases del concurso pueden consultarse en el siguiente enlace: CONCURSO MICRORRELATOS 25N Dada la importancia del tema a tratar, os animamos [&hellip;]<\/p>\n","protected":false},"author":15,"featured_media":1106,"comment_status":"closed","ping_status":"closed","sticky":false,"template":"","format":"standard","meta":{"footnotes":""},"categories":[1],"tags":[30],"class_list":["post-1105","post","type-post","status-publish","format-standard","has-post-thumbnail","hentry","category-isla-verde","tag-actividades"],"_links":{"self":[{"href":"https:\/\/dev.iesislaverde.es\/index.php\/wp-json\/wp\/v2\/posts\/1105","targetHints":{"allow":["GET"]}}],"collection":[{"href":"https:\/\/dev.iesislaverde.es\/index.php\/wp-json\/wp\/v2\/posts"}],"about":[{"href":"https:\/\/dev.iesislaverde.es\/index.php\/wp-json\/wp\/v2\/types\/post"}],"author":[{"embeddable":true,"href":"https:\/\/dev.iesislaverde.es\/index.php\/wp-json\/wp\/v2\/users\/15"}],"replies":[{"embeddable":true,"href":"https:\/\/dev.iesislaverde.es\/index.php\/wp-json\/wp\/v2\/comments?post=1105"}],"version-history":[{"count":1,"href":"https:\/\/dev.iesislaverde.es\/index.php\/wp-json\/wp\/v2\/posts\/1105\/revisions"}],"predecessor-version":[{"id":2408,"href":"https:\/\/dev.iesislaverde.es\/index.php\/wp-json\/wp\/v2\/posts\/1105\/revisions\/2408"}],"wp:featuredmedia":[{"embeddable":true,"href":"https:\/\/dev.iesislaverde.es\/index.php\/wp-json\/wp\/v2\/media\/1106"}],"wp:attachment":[{"href":"https:\/\/dev.iesislaverde.es\/index.php\/wp-json\/wp\/v2\/media?parent=1105"}],"wp:term":[{"taxonomy":"category","embeddable":true,"href":"https:\/\/dev.iesislaverde.es\/index.php\/wp-json\/wp\/v2\/categories?post=1105"},{"taxonomy":"post_tag","embeddable":true,"href":"https:\/\/dev.iesislaverde.es\/index.php\/wp-json\/wp\/v2\/tags?post=1105"}],"curies":[{"name":"wp","href":"https:\/\/api.w.org\/{rel}","templated":true}]}}