{"id":1108,"date":"2018-05-09T13:34:32","date_gmt":"2018-05-09T13:34:32","guid":{"rendered":"http:\/\/www.iesislaverde.es\/?p=1108"},"modified":"2019-11-17T08:18:44","modified_gmt":"2019-11-17T08:18:44","slug":"plan-de-igualdad-de-genero","status":"publish","type":"post","link":"https:\/\/dev.iesislaverde.es\/index.php\/2018\/05\/09\/plan-de-igualdad-de-genero\/","title":{"rendered":"Plan de Igualdad de G\u00e9nero"},"content":{"rendered":"<p>A continuaci\u00f3n, pod\u00e9is consultar el programa de actividades previstas dentro del Plan de Igualdad de G\u00e9nero para el presente curso, organizadas por la coordinadora Mariluz Ter\u00e1n, junto con el Dpto. de Orientaci\u00f3n y el Dpto. de Actividades Complementarias y Extraescolares.<\/p>\n<p><a href=\"https:\/\/www.dropbox.com\/s\/e3zsmv22ka8x5x8\/PLAN%20DE%20IGUALDAD%20DE%20G%C3%89NERO%2017-18.pdf?dl=0\">Plan de Igualdad de G\u00e9nero 17-18<\/a><\/p>\n","protected":false},"excerpt":{"rendered":"<p>A continuaci\u00f3n, pod\u00e9is consultar el programa de actividades previstas dentro del Plan de Igualdad de G\u00e9nero para el presente curso, organizadas por la coordinadora Mariluz Ter\u00e1n, junto con el Dpto. de Orientaci\u00f3n y el Dpto. de Actividades Complementarias y Extraescolares. Plan de Igualdad de G\u00e9nero 17-18<\/p>\n","protected":false},"author":15,"featured_media":1109,"comment_status":"closed","ping_status":"closed","sticky":false,"template":"","format":"standard","meta":{"footnotes":""},"categories":[1],"tags":[],"class_list":["post-1108","post","type-post","status-publish","format-standard","has-post-thumbnail","hentry","category-isla-verde"],"_links":{"self":[{"href":"https:\/\/dev.iesislaverde.es\/index.php\/wp-json\/wp\/v2\/posts\/1108","targetHints":{"allow":["GET"]}}],"collection":[{"href":"https:\/\/dev.iesislaverde.es\/index.php\/wp-json\/wp\/v2\/posts"}],"about":[{"href":"https:\/\/dev.iesislaverde.es\/index.php\/wp-json\/wp\/v2\/types\/post"}],"author":[{"embeddable":true,"href":"https:\/\/dev.iesislaverde.es\/index.php\/wp-json\/wp\/v2\/users\/15"}],"replies":[{"embeddable":true,"href":"https:\/\/dev.iesislaverde.es\/index.php\/wp-json\/wp\/v2\/comments?post=1108"}],"version-history":[{"count":1,"href":"https:\/\/dev.iesislaverde.es\/index.php\/wp-json\/wp\/v2\/posts\/1108\/revisions"}],"predecessor-version":[{"id":2407,"href":"https:\/\/dev.iesislaverde.es\/index.php\/wp-json\/wp\/v2\/posts\/1108\/revisions\/2407"}],"wp:featuredmedia":[{"embeddable":true,"href":"https:\/\/dev.iesislaverde.es\/index.php\/wp-json\/wp\/v2\/media\/1109"}],"wp:attachment":[{"href":"https:\/\/dev.iesislaverde.es\/index.php\/wp-json\/wp\/v2\/media?parent=1108"}],"wp:term":[{"taxonomy":"category","embeddable":true,"href":"https:\/\/dev.iesislaverde.es\/index.php\/wp-json\/wp\/v2\/categories?post=1108"},{"taxonomy":"post_tag","embeddable":true,"href":"https:\/\/dev.iesislaverde.es\/index.php\/wp-json\/wp\/v2\/tags?post=1108"}],"curies":[{"name":"wp","href":"https:\/\/api.w.org\/{rel}","templated":true}]}}