{"id":1111,"date":"2020-06-16T13:38:21","date_gmt":"2020-06-16T13:38:21","guid":{"rendered":"http:\/\/www.iesislaverde.es\/?p=1111"},"modified":"2020-06-20T06:52:14","modified_gmt":"2020-06-20T06:52:14","slug":"comunicado-fin-de-primer-trimestre-y-entrega-de-calificaciones","status":"publish","type":"post","link":"https:\/\/dev.iesislaverde.es\/index.php\/2020\/06\/16\/comunicado-fin-de-primer-trimestre-y-entrega-de-calificaciones\/","title":{"rendered":"Punto de recogida de calificaciones finales"},"content":{"rendered":"<p>Estimadas familias:<\/p>\n<p style=\"text-align: center;\">La entrega de calificaciones se har\u00e1 a trav\u00e9s del punto digital de recogida de documentos de evaluaci\u00f3n y podr\u00e1n acceder a :<\/p>\n<p>-Bolet\u00edn de calificaciones<\/p>\n<p>-Informe para la prueba de semptiembre (en su caso)<\/p>\n<p>-Consejo Orientador<\/p>\n<p>-Certificado de estudios ( alumnado propuesta para FPB)<\/p>\n<p>Fechas de publicaci\u00f3n de calificaciones:<\/p>\n<table>\n<tbody>\n<tr>\n<td width=\"326\">4\u00ba ESO<\/td>\n<td width=\"326\">Mi\u00e9rcoles 24 de junio, a partir de las 10h<\/td>\n<\/tr>\n<tr>\n<td width=\"326\">1\u00ba, 2\u00ba y 3\u00ba ESO, 1\u00ba de bachillerato, FPB y CCFF<\/td>\n<td width=\"326\">Viernes 26 de junio, a partir de las 10h<\/td>\n<\/tr>\n<\/tbody>\n<\/table>\n<p>Accede con fecha de nacimiento y clave iAnde en:<\/p>\n<div style=\"text-align: center;\"><a title=\"\" href=\"https:\/\/seneca.juntadeandalucia.es\/seneca\/puntoderecogida\/index.html\" target=\"_blank\" rel=\"noopener noreferrer\">https:\/\/seneca.juntadeandalucia.es\/seneca\/puntoderecogida\/index.html<\/a><\/div>\n<div><\/div>\n<div><\/div>\n<div><img loading=\"lazy\" decoding=\"async\" class=\"wp-image-2811 aligncenter\" src=\"https:\/\/dev.iesislaverde.es\/wp-content\/uploads\/2020\/06\/Sin-t\u00edtulo-300x139.jpg\" alt=\"\" width=\"729\" height=\"338\" srcset=\"https:\/\/dev.iesislaverde.es\/wp-content\/uploads\/2020\/06\/Sin-t\u00edtulo-300x139.jpg 300w, https:\/\/dev.iesislaverde.es\/wp-content\/uploads\/2020\/06\/Sin-t\u00edtulo-1024x474.jpg 1024w, https:\/\/dev.iesislaverde.es\/wp-content\/uploads\/2020\/06\/Sin-t\u00edtulo-768x355.jpg 768w, https:\/\/dev.iesislaverde.es\/wp-content\/uploads\/2020\/06\/Sin-t\u00edtulo.jpg 1317w\" sizes=\"auto, (max-width: 729px) 100vw, 729px\" \/><\/div>\n<div><\/div>\n<p>&nbsp;<\/p>\n","protected":false},"excerpt":{"rendered":"<p>Estimadas familias: La entrega de calificaciones se har\u00e1 a trav\u00e9s del punto digital de recogida de documentos de evaluaci\u00f3n y podr\u00e1n acceder a : -Bolet\u00edn de calificaciones -Informe para la prueba de semptiembre (en su caso) -Consejo Orientador -Certificado de estudios ( alumnado propuesta para FPB) Fechas de publicaci\u00f3n de calificaciones: 4\u00ba ESO Mi\u00e9rcoles 24 [&hellip;]<\/p>\n","protected":false},"author":15,"featured_media":2682,"comment_status":"closed","ping_status":"closed","sticky":false,"template":"","format":"standard","meta":{"footnotes":""},"categories":[1],"tags":[],"class_list":["post-1111","post","type-post","status-publish","format-standard","has-post-thumbnail","hentry","category-isla-verde"],"_links":{"self":[{"href":"https:\/\/dev.iesislaverde.es\/index.php\/wp-json\/wp\/v2\/posts\/1111","targetHints":{"allow":["GET"]}}],"collection":[{"href":"https:\/\/dev.iesislaverde.es\/index.php\/wp-json\/wp\/v2\/posts"}],"about":[{"href":"https:\/\/dev.iesislaverde.es\/index.php\/wp-json\/wp\/v2\/types\/post"}],"author":[{"embeddable":true,"href":"https:\/\/dev.iesislaverde.es\/index.php\/wp-json\/wp\/v2\/users\/15"}],"replies":[{"embeddable":true,"href":"https:\/\/dev.iesislaverde.es\/index.php\/wp-json\/wp\/v2\/comments?post=1111"}],"version-history":[{"count":12,"href":"https:\/\/dev.iesislaverde.es\/index.php\/wp-json\/wp\/v2\/posts\/1111\/revisions"}],"predecessor-version":[{"id":2815,"href":"https:\/\/dev.iesislaverde.es\/index.php\/wp-json\/wp\/v2\/posts\/1111\/revisions\/2815"}],"wp:featuredmedia":[{"embeddable":true,"href":"https:\/\/dev.iesislaverde.es\/index.php\/wp-json\/wp\/v2\/media\/2682"}],"wp:attachment":[{"href":"https:\/\/dev.iesislaverde.es\/index.php\/wp-json\/wp\/v2\/media?parent=1111"}],"wp:term":[{"taxonomy":"category","embeddable":true,"href":"https:\/\/dev.iesislaverde.es\/index.php\/wp-json\/wp\/v2\/categories?post=1111"},{"taxonomy":"post_tag","embeddable":true,"href":"https:\/\/dev.iesislaverde.es\/index.php\/wp-json\/wp\/v2\/tags?post=1111"}],"curies":[{"name":"wp","href":"https:\/\/api.w.org\/{rel}","templated":true}]}}