{"id":1119,"date":"2018-05-09T13:44:44","date_gmt":"2018-05-09T13:44:44","guid":{"rendered":"http:\/\/www.iesislaverde.es\/?p=1119"},"modified":"2019-11-17T08:18:44","modified_gmt":"2019-11-17T08:18:44","slug":"resolucion-concurso-de-microrrelatos-25-n","status":"publish","type":"post","link":"https:\/\/dev.iesislaverde.es\/index.php\/2018\/05\/09\/resolucion-concurso-de-microrrelatos-25-n\/","title":{"rendered":"RESOLUCI\u00d3N CONCURSO DE MICRORRELATOS 25-N"},"content":{"rendered":"<p>Aunque el veredicto del jurado se ha hecho esperar, ha merecido la pena porque los trabajos presentados, aunque no muy numerosos, han sido muy buenos y tratandos con una especial sensibilidad el tema que se propon\u00eda: la violencia de g\u00e9nero.<\/p>\n<p>El jurado compuesto por Loli Carrascosa, orientadora del centro; Sara P\u00e9rez Bra\u00f1a, profesora del departamento de Lengua; y Mariluz Ter\u00e1n, coordinadora de Igualdad, ha determinado, tras arduas deliberaciones, que el primer premio del Concurso de microrrelatos contra la violencia de g\u00e9nero de nuestro instituto recaiga sobre el trabajo \u201cEl due\u00f1o de mi vida\u201d de Carmen Mu\u00f1oz Moreno, de 3\u00ba ESO D, que obtiene un lote de libros por valor de 70\u20ac.<\/p>\n<p>La coordinadora de Igualdad ha rese\u00f1ado que \u201ctodos los relatos han sido merecedores de llevarse el premio porque han mostrado su compromiso social y personal con un tema tan estremecedor y tan presente en nuestros d\u00edas\u201d. Por ello, animan a todos a que sigan creyendo que \u201cla palabra es un arma cargada de futuro\u201d.<\/p>\n<p>\u00a1\u00a1\u00a1Enhorabuena a Carmen Mu\u00f1oz y a todos los dem\u00e1s alumnos y personal por los microrrelatos presentados!!!<\/p>\n<p>&nbsp;<\/p>\n<p><a href=\"https:\/\/www.dropbox.com\/s\/ocptf4i8ca2lid7\/microrrelato_ganador_17_18.jpg?dl=0\">MICRORRELATO GANADOR<\/a><\/p>\n","protected":false},"excerpt":{"rendered":"<p>Aunque el veredicto del jurado se ha hecho esperar, ha merecido la pena porque los trabajos presentados, aunque no muy numerosos, han sido muy buenos y tratandos con una especial sensibilidad el tema que se propon\u00eda: la violencia de g\u00e9nero. El jurado compuesto por Loli Carrascosa, orientadora del centro; Sara P\u00e9rez Bra\u00f1a, profesora del departamento [&hellip;]<\/p>\n","protected":false},"author":15,"featured_media":1120,"comment_status":"closed","ping_status":"closed","sticky":false,"template":"","format":"standard","meta":{"footnotes":""},"categories":[1],"tags":[],"class_list":["post-1119","post","type-post","status-publish","format-standard","has-post-thumbnail","hentry","category-isla-verde"],"_links":{"self":[{"href":"https:\/\/dev.iesislaverde.es\/index.php\/wp-json\/wp\/v2\/posts\/1119","targetHints":{"allow":["GET"]}}],"collection":[{"href":"https:\/\/dev.iesislaverde.es\/index.php\/wp-json\/wp\/v2\/posts"}],"about":[{"href":"https:\/\/dev.iesislaverde.es\/index.php\/wp-json\/wp\/v2\/types\/post"}],"author":[{"embeddable":true,"href":"https:\/\/dev.iesislaverde.es\/index.php\/wp-json\/wp\/v2\/users\/15"}],"replies":[{"embeddable":true,"href":"https:\/\/dev.iesislaverde.es\/index.php\/wp-json\/wp\/v2\/comments?post=1119"}],"version-history":[{"count":1,"href":"https:\/\/dev.iesislaverde.es\/index.php\/wp-json\/wp\/v2\/posts\/1119\/revisions"}],"predecessor-version":[{"id":2404,"href":"https:\/\/dev.iesislaverde.es\/index.php\/wp-json\/wp\/v2\/posts\/1119\/revisions\/2404"}],"wp:featuredmedia":[{"embeddable":true,"href":"https:\/\/dev.iesislaverde.es\/index.php\/wp-json\/wp\/v2\/media\/1120"}],"wp:attachment":[{"href":"https:\/\/dev.iesislaverde.es\/index.php\/wp-json\/wp\/v2\/media?parent=1119"}],"wp:term":[{"taxonomy":"category","embeddable":true,"href":"https:\/\/dev.iesislaverde.es\/index.php\/wp-json\/wp\/v2\/categories?post=1119"},{"taxonomy":"post_tag","embeddable":true,"href":"https:\/\/dev.iesislaverde.es\/index.php\/wp-json\/wp\/v2\/tags?post=1119"}],"curies":[{"name":"wp","href":"https:\/\/api.w.org\/{rel}","templated":true}]}}