{"id":1134,"date":"2021-02-16T13:53:29","date_gmt":"2021-02-16T13:53:29","guid":{"rendered":"http:\/\/www.iesislaverde.es\/?p=1134"},"modified":"2021-03-09T13:35:58","modified_gmt":"2021-03-09T13:35:58","slug":"calendario-de-admision-2020-2021","status":"publish","type":"post","link":"https:\/\/dev.iesislaverde.es\/index.php\/2021\/02\/16\/calendario-de-admision-2020-2021\/","title":{"rendered":"Calendario de nueva admisi\u00f3n curso 2021-2022 y aclaraciones."},"content":{"rendered":"<p><strong>ATENCI\u00d3N: Solicitud telem\u00e1tica de nueva admisi\u00f3n simplificada. Con DNI y tel\u00e9fono m\u00f3vil.<\/strong><\/p>\n<p style=\"text-align: center;\"><a href=\"https:\/\/www.juntadeandalucia.es\/educacion\/secretariavirtual\/\">ENLACE AQU\u00cd (Solo disponible del 1 al 31 de marzo)<\/a><\/p>\n<p>Descarga de impresos <a href=\"http:\/\/www.juntadeandalucia.es\/educacion\/portals\/web\/escolarizacion\/infantil-a-bachillerato\/impresos\">aqu\u00ed<\/a><\/p>\n<table>\n<tbody>\n<tr>\n<td width=\"215\"><strong>Fecha<\/strong><\/td>\n<td width=\"361\"><strong>Actuaci\u00f3n<\/strong><\/td>\n<\/tr>\n<tr>\n<td width=\"215\">01\/03\/2021<\/td>\n<td width=\"361\">Publicaci\u00f3n de la oferta educativa<\/td>\n<\/tr>\n<tr>\n<td width=\"215\"><strong>Del 01\/03 al 31\/03\/2021<\/strong><\/td>\n<td width=\"361\"><strong>Presentaci\u00f3n de las solicitudes de admisi\u00f3n<\/strong><\/td>\n<\/tr>\n<tr>\n<td width=\"215\">Del 02 al 12\/04\/2021<\/td>\n<td width=\"361\">Periodo de subsanaci\u00f3n de solicitudes<\/td>\n<\/tr>\n<tr>\n<td width=\"215\"><strong>14\/04\/2021<\/strong><\/td>\n<td width=\"361\"><strong>Publicaci\u00f3n de la relaci\u00f3n baremada de solicitantes<\/strong><\/td>\n<\/tr>\n<tr>\n<td width=\"215\">15\/04\/2021<\/td>\n<td width=\"361\">Tr\u00e1mite de audiencia, vista de expediente y alegaciones (10 d\u00edas lectivos)<\/td>\n<\/tr>\n<tr>\n<td width=\"215\">10\/05\/2021<\/td>\n<td width=\"361\">Sorteo p\u00fablico para dilucidar los posibles empates<\/td>\n<\/tr>\n<tr>\n<td width=\"215\"><strong>11\/05\/2021<\/strong><\/td>\n<td width=\"361\"><strong>Resoluci\u00f3n del procedimiento de admisi\u00f3n<\/strong><\/td>\n<\/tr>\n<tr>\n<td width=\"215\"><strong>21\/05\/2021<\/strong><\/td>\n<td width=\"361\"><strong>Publicaci\u00f3n de la adjudicaci\u00f3n de puesto escolar al alumnado no admitido en el centro prioritario<\/strong><\/td>\n<\/tr>\n<tr>\n<td width=\"215\">24\/05\/2021<\/td>\n<td width=\"361\">Inicio del plazo para los recursos de alzada\/reclamaciones ante la persona titular de la Delegaci\u00f3n Territorial de Educaci\u00f3n<\/td>\n<\/tr>\n<tr>\n<td width=\"215\">01 al 10\/07\/2021<\/td>\n<td width=\"361\">Matriculaci\u00f3n del alumnado admitido<\/td>\n<\/tr>\n<tr>\n<td width=\"215\"><strong>13\/09\/2021<\/strong><\/td>\n<td width=\"361\"><strong>Publicaci\u00f3n de las vacantes existentes tras la matriculaci\u00f3n final<\/strong><\/td>\n<\/tr>\n<tr>\n<td width=\"215\">13-14\/09\/2021<\/td>\n<td width=\"361\">Matriculaci\u00f3n del alumnado en lista de espera<\/td>\n<\/tr>\n<\/tbody>\n<\/table>\n<p><strong><u><br \/>\nNOTA: LOS LISTADOS SE PUBLICAR\u00c1N A LO LARGO DEL D\u00cdA INDICADO, SIENDO LO NORMAL QUE NO EST\u00c9N DISPONIBLES HASTA \u00daLTIMA HORA DE DICHO D\u00cdA, POR LO QUE SE RECOMIENDA CONSULTARLOS A PARTIR DEL D\u00cdA SIGUIENTE<\/u><\/strong><\/p>\n<p style=\"text-align: center;\"><a href=\"https:\/\/dev.iesislaverde.es\/wp-content\/uploads\/2021\/02\/Aclaraciones.pdf\">ACALRACIONES DE DOCUMENTACI\u00d3N A ENTREGAR EN EL PROCEDIMIENTO AQU\u00cd<\/a><\/p>\n","protected":false},"excerpt":{"rendered":"<p>ATENCI\u00d3N: Solicitud telem\u00e1tica de nueva admisi\u00f3n simplificada. Con DNI y tel\u00e9fono m\u00f3vil. ENLACE AQU\u00cd (Solo disponible del 1 al 31 de marzo) Descarga de impresos aqu\u00ed Fecha Actuaci\u00f3n 01\/03\/2021 Publicaci\u00f3n de la oferta educativa Del 01\/03 al 31\/03\/2021 Presentaci\u00f3n de las solicitudes de admisi\u00f3n Del 02 al 12\/04\/2021 Periodo de subsanaci\u00f3n de solicitudes 14\/04\/2021 Publicaci\u00f3n [&hellip;]<\/p>\n","protected":false},"author":15,"featured_media":3233,"comment_status":"closed","ping_status":"closed","sticky":false,"template":"","format":"standard","meta":{"footnotes":""},"categories":[1],"tags":[],"class_list":["post-1134","post","type-post","status-publish","format-standard","has-post-thumbnail","hentry","category-isla-verde"],"_links":{"self":[{"href":"https:\/\/dev.iesislaverde.es\/index.php\/wp-json\/wp\/v2\/posts\/1134","targetHints":{"allow":["GET"]}}],"collection":[{"href":"https:\/\/dev.iesislaverde.es\/index.php\/wp-json\/wp\/v2\/posts"}],"about":[{"href":"https:\/\/dev.iesislaverde.es\/index.php\/wp-json\/wp\/v2\/types\/post"}],"author":[{"embeddable":true,"href":"https:\/\/dev.iesislaverde.es\/index.php\/wp-json\/wp\/v2\/users\/15"}],"replies":[{"embeddable":true,"href":"https:\/\/dev.iesislaverde.es\/index.php\/wp-json\/wp\/v2\/comments?post=1134"}],"version-history":[{"count":23,"href":"https:\/\/dev.iesislaverde.es\/index.php\/wp-json\/wp\/v2\/posts\/1134\/revisions"}],"predecessor-version":[{"id":3558,"href":"https:\/\/dev.iesislaverde.es\/index.php\/wp-json\/wp\/v2\/posts\/1134\/revisions\/3558"}],"wp:featuredmedia":[{"embeddable":true,"href":"https:\/\/dev.iesislaverde.es\/index.php\/wp-json\/wp\/v2\/media\/3233"}],"wp:attachment":[{"href":"https:\/\/dev.iesislaverde.es\/index.php\/wp-json\/wp\/v2\/media?parent=1134"}],"wp:term":[{"taxonomy":"category","embeddable":true,"href":"https:\/\/dev.iesislaverde.es\/index.php\/wp-json\/wp\/v2\/categories?post=1134"},{"taxonomy":"post_tag","embeddable":true,"href":"https:\/\/dev.iesislaverde.es\/index.php\/wp-json\/wp\/v2\/tags?post=1134"}],"curies":[{"name":"wp","href":"https:\/\/api.w.org\/{rel}","templated":true}]}}