{"id":1140,"date":"2018-05-09T13:56:03","date_gmt":"2018-05-09T13:56:03","guid":{"rendered":"http:\/\/www.iesislaverde.es\/?p=1140"},"modified":"2019-11-17T08:18:43","modified_gmt":"2019-11-17T08:18:43","slug":"suspension-de-clases-y-cierre-del-centro-viernes-2-de-marzo","status":"publish","type":"post","link":"https:\/\/dev.iesislaverde.es\/index.php\/2018\/05\/09\/suspension-de-clases-y-cierre-del-centro-viernes-2-de-marzo\/","title":{"rendered":"Suspensi\u00f3n de clases y cierre del centro, viernes 2 de marzo"},"content":{"rendered":"<div>La Delegaci\u00f3n Territorial de Educaci\u00f3n de C\u00e1diz de acuerdo con el Decreto emitido por el Ayuntamiento de Algeciras nos comunica que ma\u00f1ana viernes 2 de marzo quedan suspendidas las clases y el centro permanecer\u00e1 cerrado debido al fuerte temporal en la zona. Ni profesorado, ni PAS, ni alumnado asistir\u00e1n al centro.<\/div>\n<div><\/div>\n<div>LA DIRECCI\u00d3N<\/div>\n","protected":false},"excerpt":{"rendered":"<p>La Delegaci\u00f3n Territorial de Educaci\u00f3n de C\u00e1diz de acuerdo con el Decreto emitido por el Ayuntamiento de Algeciras nos comunica que ma\u00f1ana viernes 2 de marzo quedan suspendidas las clases y el centro permanecer\u00e1 cerrado debido al fuerte temporal en la zona. Ni profesorado, ni PAS, ni alumnado asistir\u00e1n al centro. LA DIRECCI\u00d3N<\/p>\n","protected":false},"author":15,"featured_media":1141,"comment_status":"closed","ping_status":"closed","sticky":false,"template":"","format":"standard","meta":{"footnotes":""},"categories":[1],"tags":[],"class_list":["post-1140","post","type-post","status-publish","format-standard","has-post-thumbnail","hentry","category-isla-verde"],"_links":{"self":[{"href":"https:\/\/dev.iesislaverde.es\/index.php\/wp-json\/wp\/v2\/posts\/1140","targetHints":{"allow":["GET"]}}],"collection":[{"href":"https:\/\/dev.iesislaverde.es\/index.php\/wp-json\/wp\/v2\/posts"}],"about":[{"href":"https:\/\/dev.iesislaverde.es\/index.php\/wp-json\/wp\/v2\/types\/post"}],"author":[{"embeddable":true,"href":"https:\/\/dev.iesislaverde.es\/index.php\/wp-json\/wp\/v2\/users\/15"}],"replies":[{"embeddable":true,"href":"https:\/\/dev.iesislaverde.es\/index.php\/wp-json\/wp\/v2\/comments?post=1140"}],"version-history":[{"count":1,"href":"https:\/\/dev.iesislaverde.es\/index.php\/wp-json\/wp\/v2\/posts\/1140\/revisions"}],"predecessor-version":[{"id":2400,"href":"https:\/\/dev.iesislaverde.es\/index.php\/wp-json\/wp\/v2\/posts\/1140\/revisions\/2400"}],"wp:featuredmedia":[{"embeddable":true,"href":"https:\/\/dev.iesislaverde.es\/index.php\/wp-json\/wp\/v2\/media\/1141"}],"wp:attachment":[{"href":"https:\/\/dev.iesislaverde.es\/index.php\/wp-json\/wp\/v2\/media?parent=1140"}],"wp:term":[{"taxonomy":"category","embeddable":true,"href":"https:\/\/dev.iesislaverde.es\/index.php\/wp-json\/wp\/v2\/categories?post=1140"},{"taxonomy":"post_tag","embeddable":true,"href":"https:\/\/dev.iesislaverde.es\/index.php\/wp-json\/wp\/v2\/tags?post=1140"}],"curies":[{"name":"wp","href":"https:\/\/api.w.org\/{rel}","templated":true}]}}