{"id":1143,"date":"2018-05-09T13:57:48","date_gmt":"2018-05-09T13:57:48","guid":{"rendered":"http:\/\/www.iesislaverde.es\/?p=1143"},"modified":"2019-11-17T08:18:43","modified_gmt":"2019-11-17T08:18:43","slug":"1a-reunion-de-informacion-y-acogida-madres-y-padres-de-6o-de-primaria","status":"publish","type":"post","link":"https:\/\/dev.iesislaverde.es\/index.php\/2018\/05\/09\/1a-reunion-de-informacion-y-acogida-madres-y-padres-de-6o-de-primaria\/","title":{"rendered":"1\u00aa reuni\u00f3n de informaci\u00f3n y acogida madres y padres de 6\u00ba de primaria"},"content":{"rendered":"<p>La 1\u00aa reuni\u00f3n de informaci\u00f3n a las familias del alumnado del CEIP Puerta del Mar tendr\u00e1 luga este mi\u00e9rcoles 14 de marzo a las 17:30 h. en el Sal\u00f3n del Actos.<\/p>\n<p>Al d\u00eda siguiente ser\u00e1 la jornadas de puertas abiertas al alumnado en horario de ma\u00f1ana.<\/p>\n","protected":false},"excerpt":{"rendered":"<p>La 1\u00aa reuni\u00f3n de informaci\u00f3n a las familias del alumnado del CEIP Puerta del Mar tendr\u00e1 luga este mi\u00e9rcoles 14 de marzo a las 17:30 h. en el Sal\u00f3n del Actos. Al d\u00eda siguiente ser\u00e1 la jornadas de puertas abiertas al alumnado en horario de ma\u00f1ana.<\/p>\n","protected":false},"author":15,"featured_media":1144,"comment_status":"closed","ping_status":"closed","sticky":false,"template":"","format":"standard","meta":{"footnotes":""},"categories":[1],"tags":[],"class_list":["post-1143","post","type-post","status-publish","format-standard","has-post-thumbnail","hentry","category-isla-verde"],"_links":{"self":[{"href":"https:\/\/dev.iesislaverde.es\/index.php\/wp-json\/wp\/v2\/posts\/1143","targetHints":{"allow":["GET"]}}],"collection":[{"href":"https:\/\/dev.iesislaverde.es\/index.php\/wp-json\/wp\/v2\/posts"}],"about":[{"href":"https:\/\/dev.iesislaverde.es\/index.php\/wp-json\/wp\/v2\/types\/post"}],"author":[{"embeddable":true,"href":"https:\/\/dev.iesislaverde.es\/index.php\/wp-json\/wp\/v2\/users\/15"}],"replies":[{"embeddable":true,"href":"https:\/\/dev.iesislaverde.es\/index.php\/wp-json\/wp\/v2\/comments?post=1143"}],"version-history":[{"count":1,"href":"https:\/\/dev.iesislaverde.es\/index.php\/wp-json\/wp\/v2\/posts\/1143\/revisions"}],"predecessor-version":[{"id":2399,"href":"https:\/\/dev.iesislaverde.es\/index.php\/wp-json\/wp\/v2\/posts\/1143\/revisions\/2399"}],"wp:featuredmedia":[{"embeddable":true,"href":"https:\/\/dev.iesislaverde.es\/index.php\/wp-json\/wp\/v2\/media\/1144"}],"wp:attachment":[{"href":"https:\/\/dev.iesislaverde.es\/index.php\/wp-json\/wp\/v2\/media?parent=1143"}],"wp:term":[{"taxonomy":"category","embeddable":true,"href":"https:\/\/dev.iesislaverde.es\/index.php\/wp-json\/wp\/v2\/categories?post=1143"},{"taxonomy":"post_tag","embeddable":true,"href":"https:\/\/dev.iesislaverde.es\/index.php\/wp-json\/wp\/v2\/tags?post=1143"}],"curies":[{"name":"wp","href":"https:\/\/api.w.org\/{rel}","templated":true}]}}