{"id":1148,"date":"2018-05-09T13:59:33","date_gmt":"2018-05-09T13:59:33","guid":{"rendered":"http:\/\/www.iesislaverde.es\/?p=1148"},"modified":"2019-11-17T08:18:43","modified_gmt":"2019-11-17T08:18:43","slug":"presentacion-proyecto-yayoayuda","status":"publish","type":"post","link":"https:\/\/dev.iesislaverde.es\/index.php\/2018\/05\/09\/presentacion-proyecto-yayoayuda\/","title":{"rendered":"Proyecto YayoAyuda"},"content":{"rendered":"<p>La presentaci\u00f3n del proyecto YayoAyuda, empresa de servicios a la tercera edad dirigida y coordinada por nuestro alumando de 2\u00ba de bachilelrato, tendr\u00e1 lugar ma\u00f1ana martes a partir de las 11:30h en el sal\u00f3n de actos de nuestro centro.<\/p>\n<p>Se trata de un proyecto en el que nuestro alumnado, a trav\u00e9s de la empresa creada a tal fin, persigue asesorar a las personas mayores sobre determinados servicios a nivel social, econ\u00f3mico y dom\u00e9stico.<\/p>\n<p>Esperando vuestra asistencia, les saluda atentamente<\/p>\n<p>LA DIRECCI\u00d3N<\/p>\n","protected":false},"excerpt":{"rendered":"<p>La presentaci\u00f3n del proyecto YayoAyuda, empresa de servicios a la tercera edad dirigida y coordinada por nuestro alumando de 2\u00ba de bachilelrato, tendr\u00e1 lugar ma\u00f1ana martes a partir de las 11:30h en el sal\u00f3n de actos de nuestro centro. Se trata de un proyecto en el que nuestro alumnado, a trav\u00e9s de la empresa creada [&hellip;]<\/p>\n","protected":false},"author":15,"featured_media":1127,"comment_status":"closed","ping_status":"closed","sticky":false,"template":"","format":"standard","meta":{"footnotes":""},"categories":[1],"tags":[],"class_list":["post-1148","post","type-post","status-publish","format-standard","has-post-thumbnail","hentry","category-isla-verde"],"_links":{"self":[{"href":"https:\/\/dev.iesislaverde.es\/index.php\/wp-json\/wp\/v2\/posts\/1148","targetHints":{"allow":["GET"]}}],"collection":[{"href":"https:\/\/dev.iesislaverde.es\/index.php\/wp-json\/wp\/v2\/posts"}],"about":[{"href":"https:\/\/dev.iesislaverde.es\/index.php\/wp-json\/wp\/v2\/types\/post"}],"author":[{"embeddable":true,"href":"https:\/\/dev.iesislaverde.es\/index.php\/wp-json\/wp\/v2\/users\/15"}],"replies":[{"embeddable":true,"href":"https:\/\/dev.iesislaverde.es\/index.php\/wp-json\/wp\/v2\/comments?post=1148"}],"version-history":[{"count":1,"href":"https:\/\/dev.iesislaverde.es\/index.php\/wp-json\/wp\/v2\/posts\/1148\/revisions"}],"predecessor-version":[{"id":2398,"href":"https:\/\/dev.iesislaverde.es\/index.php\/wp-json\/wp\/v2\/posts\/1148\/revisions\/2398"}],"wp:featuredmedia":[{"embeddable":true,"href":"https:\/\/dev.iesislaverde.es\/index.php\/wp-json\/wp\/v2\/media\/1127"}],"wp:attachment":[{"href":"https:\/\/dev.iesislaverde.es\/index.php\/wp-json\/wp\/v2\/media?parent=1148"}],"wp:term":[{"taxonomy":"category","embeddable":true,"href":"https:\/\/dev.iesislaverde.es\/index.php\/wp-json\/wp\/v2\/categories?post=1148"},{"taxonomy":"post_tag","embeddable":true,"href":"https:\/\/dev.iesislaverde.es\/index.php\/wp-json\/wp\/v2\/tags?post=1148"}],"curies":[{"name":"wp","href":"https:\/\/api.w.org\/{rel}","templated":true}]}}