{"id":1151,"date":"2018-05-09T14:03:02","date_gmt":"2018-05-09T14:03:02","guid":{"rendered":"http:\/\/www.iesislaverde.es\/?p=1151"},"modified":"2019-11-17T08:18:43","modified_gmt":"2019-11-17T08:18:43","slug":"xviii-semana-de-teatro-jose-joya","status":"publish","type":"post","link":"https:\/\/dev.iesislaverde.es\/index.php\/2018\/05\/09\/xviii-semana-de-teatro-jose-joya\/","title":{"rendered":"XVIII Semana de Teatro &#8220;Jos\u00e9 Joya&#8221;"},"content":{"rendered":"<p>Una a\u00f1o m\u00e1s nuestro centro celebrara su tradicional Semana de Teatro &#8220;Jos\u00e9 Joya&#8221; que en este curso alcanza su XVIII edici\u00f3n. Es un honor para nosotros llevar tantos a\u00f1os organizando un evento en el que participan un total de 5 grupos de teatro de la localidad y al que asiste no solo alumnado de nuestro centro, sino de muchos de los centros de Algeciras. A partir del 7 de mayo \u00a1Se abre el tel\u00f3n!. Est\u00e1is tod@s invitados!<\/p>\n<p><img loading=\"lazy\" decoding=\"async\" class=\"alignnone size-medium wp-image-1152\" src=\"https:\/\/dev.iesislaverde.es\/wp-content\/uploads\/2018\/05\/Programa-XVIII-Semana_foto_RRSSy-web-300x212.jpg\" alt=\"\" width=\"300\" height=\"212\" srcset=\"https:\/\/dev.iesislaverde.es\/wp-content\/uploads\/2018\/05\/Programa-XVIII-Semana_foto_RRSSy-web-300x212.jpg 300w, https:\/\/dev.iesislaverde.es\/wp-content\/uploads\/2018\/05\/Programa-XVIII-Semana_foto_RRSSy-web-768x543.jpg 768w, https:\/\/dev.iesislaverde.es\/wp-content\/uploads\/2018\/05\/Programa-XVIII-Semana_foto_RRSSy-web-1024x724.jpg 1024w, https:\/\/dev.iesislaverde.es\/wp-content\/uploads\/2018\/05\/Programa-XVIII-Semana_foto_RRSSy-web.jpg 1684w\" sizes=\"auto, (max-width: 300px) 100vw, 300px\" \/><br \/>\n<img loading=\"lazy\" decoding=\"async\" class=\"alignnone size-medium wp-image-1153\" src=\"https:\/\/dev.iesislaverde.es\/wp-content\/uploads\/2018\/05\/Programa-XVIII-Semana-foto_RRSS_y_web2-300x212.jpg\" alt=\"\" width=\"300\" height=\"212\" srcset=\"https:\/\/dev.iesislaverde.es\/wp-content\/uploads\/2018\/05\/Programa-XVIII-Semana-foto_RRSS_y_web2-300x212.jpg 300w, https:\/\/dev.iesislaverde.es\/wp-content\/uploads\/2018\/05\/Programa-XVIII-Semana-foto_RRSS_y_web2-768x543.jpg 768w, https:\/\/dev.iesislaverde.es\/wp-content\/uploads\/2018\/05\/Programa-XVIII-Semana-foto_RRSS_y_web2-1024x724.jpg 1024w, https:\/\/dev.iesislaverde.es\/wp-content\/uploads\/2018\/05\/Programa-XVIII-Semana-foto_RRSS_y_web2.jpg 1684w\" sizes=\"auto, (max-width: 300px) 100vw, 300px\" \/><\/p>\n","protected":false},"excerpt":{"rendered":"<p>Una a\u00f1o m\u00e1s nuestro centro celebrara su tradicional Semana de Teatro &#8220;Jos\u00e9 Joya&#8221; que en este curso alcanza su XVIII edici\u00f3n. Es un honor para nosotros llevar tantos a\u00f1os organizando un evento en el que participan un total de 5 grupos de teatro de la localidad y al que asiste no solo alumnado de nuestro [&hellip;]<\/p>\n","protected":false},"author":15,"featured_media":1396,"comment_status":"closed","ping_status":"closed","sticky":false,"template":"","format":"standard","meta":{"footnotes":""},"categories":[1],"tags":[30],"class_list":["post-1151","post","type-post","status-publish","format-standard","has-post-thumbnail","hentry","category-isla-verde","tag-actividades"],"_links":{"self":[{"href":"https:\/\/dev.iesislaverde.es\/index.php\/wp-json\/wp\/v2\/posts\/1151","targetHints":{"allow":["GET"]}}],"collection":[{"href":"https:\/\/dev.iesislaverde.es\/index.php\/wp-json\/wp\/v2\/posts"}],"about":[{"href":"https:\/\/dev.iesislaverde.es\/index.php\/wp-json\/wp\/v2\/types\/post"}],"author":[{"embeddable":true,"href":"https:\/\/dev.iesislaverde.es\/index.php\/wp-json\/wp\/v2\/users\/15"}],"replies":[{"embeddable":true,"href":"https:\/\/dev.iesislaverde.es\/index.php\/wp-json\/wp\/v2\/comments?post=1151"}],"version-history":[{"count":1,"href":"https:\/\/dev.iesislaverde.es\/index.php\/wp-json\/wp\/v2\/posts\/1151\/revisions"}],"predecessor-version":[{"id":2397,"href":"https:\/\/dev.iesislaverde.es\/index.php\/wp-json\/wp\/v2\/posts\/1151\/revisions\/2397"}],"wp:featuredmedia":[{"embeddable":true,"href":"https:\/\/dev.iesislaverde.es\/index.php\/wp-json\/wp\/v2\/media\/1396"}],"wp:attachment":[{"href":"https:\/\/dev.iesislaverde.es\/index.php\/wp-json\/wp\/v2\/media?parent=1151"}],"wp:term":[{"taxonomy":"category","embeddable":true,"href":"https:\/\/dev.iesislaverde.es\/index.php\/wp-json\/wp\/v2\/categories?post=1151"},{"taxonomy":"post_tag","embeddable":true,"href":"https:\/\/dev.iesislaverde.es\/index.php\/wp-json\/wp\/v2\/tags?post=1151"}],"curies":[{"name":"wp","href":"https:\/\/api.w.org\/{rel}","templated":true}]}}