{"id":1156,"date":"2018-05-09T14:05:00","date_gmt":"2018-05-09T14:05:00","guid":{"rendered":"http:\/\/www.iesislaverde.es\/?p=1156"},"modified":"2019-11-17T08:18:42","modified_gmt":"2019-11-17T08:18:42","slug":"talleres-programados-para-las-familias-alfabetizacion-mediatica-y-comunicacion","status":"publish","type":"post","link":"https:\/\/dev.iesislaverde.es\/index.php\/2018\/05\/09\/talleres-programados-para-las-familias-alfabetizacion-mediatica-y-comunicacion\/","title":{"rendered":"Talleres programados para las familias: Alfabetizaci\u00f3n medi\u00e1tica y Comunicaci\u00f3n."},"content":{"rendered":"<p>Estimadas familias:<\/p>\n<p>Como en a\u00f1os anteriores, el IES Isla Verde, en colaboraci\u00f3n con la AMPA, programa una serie de talleres dirigidos a las familias de los centros Puerta del Mar, Baelo Claudia e Isla Verde con la intenci\u00f3n de formar en la mejora educativa de nuestro alumnado. La tem\u00e1tica para este curso se centra en la\u00a0<strong>Alfabetizaci\u00f3n Medi\u00e1tica y la Comunicaci\u00f3n.<\/strong><\/p>\n<p>Debido al creciente aumento de casos de problemas por el mal uso de internet y las redes sociales, de supuestos casos de ciberacoso, u otras manifestaciones de violencia escolar a trav\u00e9s de estos medios, desde nuestro centro, hemos cre\u00eddo muy conveniente centrarnos en esta tem\u00e1tica para que toda la comunidad ponga de su parte en intentar erradicar, o al menos minimizar, estas situaciones que se producen d\u00eda a d\u00eda en los centros educativos. A la fecha, ya se han impartido talleres formativos y preventivos dirigidos a los diferentes grupos de alumnos y alumnas, obteni\u00e9ndose resultados muy positivos en cuanto a la detecci\u00f3n de casos incipientes.<\/p>\n<p>Con la intenci\u00f3n de mejorar la convivencia en el d\u00eda a d\u00eda en nuestro centro y hacerles part\u00edcipes del propio proceso, el centro les invita a participar el pr\u00f3ximo\u00a0<strong>mi\u00e9rcoles 11 de abril, a las 17:00 h<\/strong>. en el\u00a0<strong><em>Taller formativo \u201cSeguridad en el uso de Internet y Redes Sociales\u201d impartido dentro del Plan Director de las Fuerzas de Seguridad del Estado.<\/em><\/strong><\/p>\n<p><strong><em>\u00a0<\/em><\/strong><\/p>\n<p><strong><em>El\u00a0mi\u00e9rcoles 25 de abril, a las 17 horas\u00a0se impartir\u00e1 otro taller sobre alfabetizaci\u00f3n medi\u00e1tica por parte de la Asociaci\u00f3n de la Prensa de C\u00e1diz, en el que se asesorar\u00e1 sobre el uso de los medios de comunicaci\u00f3n, televisi\u00f3n, internet, redes sociales, etc.<\/em><\/strong><\/p>\n<p><strong><em>\u00a0<\/em><\/strong><\/p>\n<p><strong><em>Finalmente,\u00a0el martes 15 de mayo, a las 12 horas, se impartir\u00e1 otro taller sobre c\u00f3mo mejorar la comunicaci\u00f3n familiar entre padres e hijos.<\/em><\/strong><\/p>\n<p>Rogamos su asistencia, al considerar esta tem\u00e1tica prioritaria hoy en d\u00eda y solicitamos la colaboraci\u00f3n de las madres y los padres delegados que en el uso de sus funciones atribuidas colaboren con la direcci\u00f3n del centro animando a participar a las familias e insistiendo sobre su importancia.<\/p>\n","protected":false},"excerpt":{"rendered":"<p>Estimadas familias: Como en a\u00f1os anteriores, el IES Isla Verde, en colaboraci\u00f3n con la AMPA, programa una serie de talleres dirigidos a las familias de los centros Puerta del Mar, Baelo Claudia e Isla Verde con la intenci\u00f3n de formar en la mejora educativa de nuestro alumnado. La tem\u00e1tica para este curso se centra en [&hellip;]<\/p>\n","protected":false},"author":15,"featured_media":1395,"comment_status":"closed","ping_status":"closed","sticky":false,"template":"","format":"standard","meta":{"footnotes":""},"categories":[1],"tags":[],"class_list":["post-1156","post","type-post","status-publish","format-standard","has-post-thumbnail","hentry","category-isla-verde"],"_links":{"self":[{"href":"https:\/\/dev.iesislaverde.es\/index.php\/wp-json\/wp\/v2\/posts\/1156","targetHints":{"allow":["GET"]}}],"collection":[{"href":"https:\/\/dev.iesislaverde.es\/index.php\/wp-json\/wp\/v2\/posts"}],"about":[{"href":"https:\/\/dev.iesislaverde.es\/index.php\/wp-json\/wp\/v2\/types\/post"}],"author":[{"embeddable":true,"href":"https:\/\/dev.iesislaverde.es\/index.php\/wp-json\/wp\/v2\/users\/15"}],"replies":[{"embeddable":true,"href":"https:\/\/dev.iesislaverde.es\/index.php\/wp-json\/wp\/v2\/comments?post=1156"}],"version-history":[{"count":1,"href":"https:\/\/dev.iesislaverde.es\/index.php\/wp-json\/wp\/v2\/posts\/1156\/revisions"}],"predecessor-version":[{"id":2396,"href":"https:\/\/dev.iesislaverde.es\/index.php\/wp-json\/wp\/v2\/posts\/1156\/revisions\/2396"}],"wp:featuredmedia":[{"embeddable":true,"href":"https:\/\/dev.iesislaverde.es\/index.php\/wp-json\/wp\/v2\/media\/1395"}],"wp:attachment":[{"href":"https:\/\/dev.iesislaverde.es\/index.php\/wp-json\/wp\/v2\/media?parent=1156"}],"wp:term":[{"taxonomy":"category","embeddable":true,"href":"https:\/\/dev.iesislaverde.es\/index.php\/wp-json\/wp\/v2\/categories?post=1156"},{"taxonomy":"post_tag","embeddable":true,"href":"https:\/\/dev.iesislaverde.es\/index.php\/wp-json\/wp\/v2\/tags?post=1156"}],"curies":[{"name":"wp","href":"https:\/\/api.w.org\/{rel}","templated":true}]}}