{"id":1506,"date":"2018-05-16T16:03:22","date_gmt":"2018-05-16T16:03:22","guid":{"rendered":"http:\/\/www.iesislaverde.es\/?p=1506"},"modified":"2019-11-17T08:18:42","modified_gmt":"2019-11-17T08:18:42","slug":"mujeres-en-la-ciencia-y-en-la-historia","status":"publish","type":"post","link":"https:\/\/dev.iesislaverde.es\/index.php\/2018\/05\/16\/mujeres-en-la-ciencia-y-en-la-historia\/","title":{"rendered":"\u201cMujeres en la ciencia y en la historia\u201d"},"content":{"rendered":"<p>Hoy se ha llevado a cabo una actividad perteneciente al proyecto multidisciplinar \u201cMujeres en la ciencia y en la historia\u201d, en donde los alumnos de 2\u00ba E.S.O. han trabajado coordinados por sus profesoras Macarena P\u00e9rez, Melibea Garc\u00eda y Mariluz Ter\u00e1n. Han entrado en muchas clases del instituto y han hecho una peque\u00f1a representaci\u00f3n cuyas protagonistas son mujeres importantes de nuestra historia, a modo de introducci\u00f3n, de manera que todos nos hemos quedado con ganas de m\u00e1s&#8230;<\/p>\n<p>El blog en el que vais a encontrar todos los v\u00eddeos es <a href=\"mujeresislaverde.blogspot.com\">Mujeres Isla Verde.<\/a> Y el canal de youtube es <a href=\"https:\/\/www.youtube.com\/results?search_query=Geografia+e+Historia+IES+Isla+Verde+Algeciras\">Geografia e Historia IES Isla Verde Algeciras<\/a>.<\/p>\n<p><img loading=\"lazy\" decoding=\"async\" class=\"alignnone size-medium wp-image-1507\" src=\"https:\/\/dev.iesislaverde.es\/wp-content\/uploads\/2018\/05\/32392104_2021364558191096_7746680830730174464_n-300x225.jpg\" alt=\"\" width=\"300\" height=\"225\" srcset=\"https:\/\/dev.iesislaverde.es\/wp-content\/uploads\/2018\/05\/32392104_2021364558191096_7746680830730174464_n-300x225.jpg 300w, https:\/\/dev.iesislaverde.es\/wp-content\/uploads\/2018\/05\/32392104_2021364558191096_7746680830730174464_n-768x576.jpg 768w, https:\/\/dev.iesislaverde.es\/wp-content\/uploads\/2018\/05\/32392104_2021364558191096_7746680830730174464_n.jpg 960w\" sizes=\"auto, (max-width: 300px) 100vw, 300px\" \/> <img loading=\"lazy\" decoding=\"async\" class=\"alignnone size-medium wp-image-1508\" src=\"https:\/\/dev.iesislaverde.es\/wp-content\/uploads\/2018\/05\/32525985_2021364758191076_4406691056205168640_n-300x225.jpg\" alt=\"\" width=\"300\" height=\"225\" srcset=\"https:\/\/dev.iesislaverde.es\/wp-content\/uploads\/2018\/05\/32525985_2021364758191076_4406691056205168640_n-300x225.jpg 300w, https:\/\/dev.iesislaverde.es\/wp-content\/uploads\/2018\/05\/32525985_2021364758191076_4406691056205168640_n-768x576.jpg 768w, https:\/\/dev.iesislaverde.es\/wp-content\/uploads\/2018\/05\/32525985_2021364758191076_4406691056205168640_n.jpg 960w\" sizes=\"auto, (max-width: 300px) 100vw, 300px\" \/> <img loading=\"lazy\" decoding=\"async\" class=\"alignnone size-medium wp-image-1509\" src=\"https:\/\/dev.iesislaverde.es\/wp-content\/uploads\/2018\/05\/32543017_2021364644857754_1546416074575052800_n-300x225.jpg\" alt=\"\" width=\"300\" height=\"225\" srcset=\"https:\/\/dev.iesislaverde.es\/wp-content\/uploads\/2018\/05\/32543017_2021364644857754_1546416074575052800_n-300x225.jpg 300w, https:\/\/dev.iesislaverde.es\/wp-content\/uploads\/2018\/05\/32543017_2021364644857754_1546416074575052800_n-768x576.jpg 768w, https:\/\/dev.iesislaverde.es\/wp-content\/uploads\/2018\/05\/32543017_2021364644857754_1546416074575052800_n.jpg 960w\" sizes=\"auto, (max-width: 300px) 100vw, 300px\" \/> <img loading=\"lazy\" decoding=\"async\" class=\"alignnone size-medium wp-image-1510\" src=\"https:\/\/dev.iesislaverde.es\/wp-content\/uploads\/2018\/05\/32565043_2021364794857739_3716474796532301824_n-300x269.jpg\" alt=\"\" width=\"300\" height=\"269\" srcset=\"https:\/\/dev.iesislaverde.es\/wp-content\/uploads\/2018\/05\/32565043_2021364794857739_3716474796532301824_n-300x269.jpg 300w, https:\/\/dev.iesislaverde.es\/wp-content\/uploads\/2018\/05\/32565043_2021364794857739_3716474796532301824_n-768x688.jpg 768w, https:\/\/dev.iesislaverde.es\/wp-content\/uploads\/2018\/05\/32565043_2021364794857739_3716474796532301824_n.jpg 960w\" sizes=\"auto, (max-width: 300px) 100vw, 300px\" \/> <img loading=\"lazy\" decoding=\"async\" class=\"alignnone size-medium wp-image-1512\" src=\"https:\/\/dev.iesislaverde.es\/wp-content\/uploads\/2018\/05\/32621511_2021364641524421_6019012158396825600_n-225x300.jpg\" alt=\"\" width=\"225\" height=\"300\" srcset=\"https:\/\/dev.iesislaverde.es\/wp-content\/uploads\/2018\/05\/32621511_2021364641524421_6019012158396825600_n-225x300.jpg 225w, https:\/\/dev.iesislaverde.es\/wp-content\/uploads\/2018\/05\/32621511_2021364641524421_6019012158396825600_n.jpg 720w\" sizes=\"auto, (max-width: 225px) 100vw, 225px\" \/> <img loading=\"lazy\" decoding=\"async\" class=\"alignnone size-medium wp-image-1513\" src=\"https:\/\/dev.iesislaverde.es\/wp-content\/uploads\/2018\/05\/32629428_2021364808191071_5997025572268539904_n-300x225.jpg\" alt=\"\" width=\"300\" height=\"225\" srcset=\"https:\/\/dev.iesislaverde.es\/wp-content\/uploads\/2018\/05\/32629428_2021364808191071_5997025572268539904_n-300x225.jpg 300w, https:\/\/dev.iesislaverde.es\/wp-content\/uploads\/2018\/05\/32629428_2021364808191071_5997025572268539904_n-768x576.jpg 768w, https:\/\/dev.iesislaverde.es\/wp-content\/uploads\/2018\/05\/32629428_2021364808191071_5997025572268539904_n.jpg 960w\" sizes=\"auto, (max-width: 300px) 100vw, 300px\" \/> <img loading=\"lazy\" decoding=\"async\" class=\"alignnone size-medium wp-image-1514\" src=\"https:\/\/dev.iesislaverde.es\/wp-content\/uploads\/2018\/05\/32709168_2021364561524429_8678831374121041920_n-300x225.jpg\" alt=\"\" width=\"300\" height=\"225\" srcset=\"https:\/\/dev.iesislaverde.es\/wp-content\/uploads\/2018\/05\/32709168_2021364561524429_8678831374121041920_n-300x225.jpg 300w, https:\/\/dev.iesislaverde.es\/wp-content\/uploads\/2018\/05\/32709168_2021364561524429_8678831374121041920_n-768x576.jpg 768w, https:\/\/dev.iesislaverde.es\/wp-content\/uploads\/2018\/05\/32709168_2021364561524429_8678831374121041920_n.jpg 960w\" sizes=\"auto, (max-width: 300px) 100vw, 300px\" \/> <img loading=\"lazy\" decoding=\"async\" class=\"alignnone size-medium wp-image-1515\" src=\"https:\/\/dev.iesislaverde.es\/wp-content\/uploads\/2018\/05\/32713293_2021364841524401_1205018001913413632_n-300x283.jpg\" alt=\"\" width=\"300\" height=\"283\" srcset=\"https:\/\/dev.iesislaverde.es\/wp-content\/uploads\/2018\/05\/32713293_2021364841524401_1205018001913413632_n-300x283.jpg 300w, https:\/\/dev.iesislaverde.es\/wp-content\/uploads\/2018\/05\/32713293_2021364841524401_1205018001913413632_n.jpg 741w\" sizes=\"auto, (max-width: 300px) 100vw, 300px\" \/><\/p>\n","protected":false},"excerpt":{"rendered":"<p>Hoy se ha llevado a cabo una actividad perteneciente al proyecto multidisciplinar \u201cMujeres en la ciencia y en la historia\u201d, en donde los alumnos de 2\u00ba E.S.O. han trabajado coordinados por sus profesoras Macarena P\u00e9rez, Melibea Garc\u00eda y Mariluz Ter\u00e1n. Han entrado en muchas clases del instituto y han hecho una peque\u00f1a representaci\u00f3n cuyas protagonistas [&hellip;]<\/p>\n","protected":false},"author":2,"featured_media":1511,"comment_status":"closed","ping_status":"closed","sticky":false,"template":"","format":"standard","meta":{"footnotes":""},"categories":[1],"tags":[],"class_list":["post-1506","post","type-post","status-publish","format-standard","has-post-thumbnail","hentry","category-isla-verde"],"_links":{"self":[{"href":"https:\/\/dev.iesislaverde.es\/index.php\/wp-json\/wp\/v2\/posts\/1506","targetHints":{"allow":["GET"]}}],"collection":[{"href":"https:\/\/dev.iesislaverde.es\/index.php\/wp-json\/wp\/v2\/posts"}],"about":[{"href":"https:\/\/dev.iesislaverde.es\/index.php\/wp-json\/wp\/v2\/types\/post"}],"author":[{"embeddable":true,"href":"https:\/\/dev.iesislaverde.es\/index.php\/wp-json\/wp\/v2\/users\/2"}],"replies":[{"embeddable":true,"href":"https:\/\/dev.iesislaverde.es\/index.php\/wp-json\/wp\/v2\/comments?post=1506"}],"version-history":[{"count":1,"href":"https:\/\/dev.iesislaverde.es\/index.php\/wp-json\/wp\/v2\/posts\/1506\/revisions"}],"predecessor-version":[{"id":2395,"href":"https:\/\/dev.iesislaverde.es\/index.php\/wp-json\/wp\/v2\/posts\/1506\/revisions\/2395"}],"wp:featuredmedia":[{"embeddable":true,"href":"https:\/\/dev.iesislaverde.es\/index.php\/wp-json\/wp\/v2\/media\/1511"}],"wp:attachment":[{"href":"https:\/\/dev.iesislaverde.es\/index.php\/wp-json\/wp\/v2\/media?parent=1506"}],"wp:term":[{"taxonomy":"category","embeddable":true,"href":"https:\/\/dev.iesislaverde.es\/index.php\/wp-json\/wp\/v2\/categories?post=1506"},{"taxonomy":"post_tag","embeddable":true,"href":"https:\/\/dev.iesislaverde.es\/index.php\/wp-json\/wp\/v2\/tags?post=1506"}],"curies":[{"name":"wp","href":"https:\/\/api.w.org\/{rel}","templated":true}]}}