{"id":1519,"date":"2018-05-18T16:13:32","date_gmt":"2018-05-18T16:13:32","guid":{"rendered":"http:\/\/www.iesislaverde.es\/?p=1519"},"modified":"2019-11-17T08:18:42","modified_gmt":"2019-11-17T08:18:42","slug":"revista-mujeres-cientificas","status":"publish","type":"post","link":"https:\/\/dev.iesislaverde.es\/index.php\/2018\/05\/18\/revista-mujeres-cientificas\/","title":{"rendered":"Revista Mujeres Cient\u00edficas"},"content":{"rendered":"<p>Os presentamos la revista elaborada por el alumnado de 2\u00ba de ESO y coordinada por nuestra compa\u00f1era Delaya dentro del proyecto multidisciplinar &#8220;Mujeres en la Historia y en la Ciencia&#8221; y que culminar\u00e1 con una Yimkana el pr\u00f3ximo lunes durante la clase de Educaci\u00f3n F\u00edsica. <a href=\"http:\/\/revistamujeres.iesislaverde.es\/\" target=\"_blank\" rel=\"nofollow noopener noreferrer\" data-ft=\"{&quot;tn&quot;:&quot;-U&quot;}\" data-lynx-mode=\"origin\" data-lynx-uri=\"https:\/\/l.facebook.com\/l.php?u=http%3A%2F%2Frevistamujeres.iesislaverde.es%2F&amp;h=ATPh00fIA435qJlyz5v6D0o2fRobA_qGNu_l0WQlkimSIPkfV6sz4eGb2qgBzPWc111kLhxtX1G3lLAZff7fni392y5fit9nR0wQXt1UFh2accGCJFEsEF9ix3g2baSl8IhrlVgLp_8r\">http:\/\/revistamujeres.iesislaverde.es<\/a><br \/>\n<a class=\"_58cn\" href=\"https:\/\/www.facebook.com\/hashtag\/revistamujeres?source=feed_text\" data-ft=\"{&quot;tn&quot;:&quot;*N&quot;,&quot;type&quot;:104}\"><span class=\"_5afx\"><span class=\"_58cl _5afz\" aria-label=\"numeral\">#<\/span><span class=\"_58cm\">revistamujeres<\/span><\/span><\/a> <a class=\"_58cn\" href=\"https:\/\/www.facebook.com\/hashtag\/igualdad?source=feed_text\" data-ft=\"{&quot;tn&quot;:&quot;*N&quot;,&quot;type&quot;:104}\"><span class=\"_5afx\"><span class=\"_58cl _5afz\" aria-label=\"numeral\">#<\/span><span class=\"_58cm\">igualdad<\/span><\/span><\/a> <a class=\"_58cn\" href=\"https:\/\/www.facebook.com\/hashtag\/iesislaverde?source=feed_text\" data-ft=\"{&quot;tn&quot;:&quot;*N&quot;,&quot;type&quot;:104}\"><span class=\"_5afx\"><span class=\"_58cl _5afz\" aria-label=\"numeral\">#<\/span><span class=\"_58cm\">iesislaverde<\/span><\/span><\/a> <a class=\"_58cn\" href=\"https:\/\/www.facebook.com\/hashtag\/plandeigualdad?source=feed_text\" data-ft=\"{&quot;tn&quot;:&quot;*N&quot;,&quot;type&quot;:104}\"><span class=\"_5afx\"><span class=\"_58cl _5afz\" aria-label=\"numeral\">#<\/span><span class=\"_58cm\">plandeigualdad<\/span><\/span><\/a><\/p>\n<p>&nbsp;<\/p>\n<a href=\"https:\/\/dev.iesislaverde.es\/wp-content\/uploads\/2018\/05\/Final.pdf\" class=\"pdfemb-viewer\" style=\"\" data-width=\"max\" data-height=\"max\"  data-toolbar=\"bottom\" data-toolbar-fixed=\"off\">Final<br\/><\/a>\n","protected":false},"excerpt":{"rendered":"<p>Os presentamos la revista elaborada por el alumnado de 2\u00ba de ESO y coordinada por nuestra compa\u00f1era Delaya dentro del proyecto multidisciplinar &#8220;Mujeres en la Historia y en la Ciencia&#8221; y que culminar\u00e1 con una Yimkana el pr\u00f3ximo lunes durante la clase de Educaci\u00f3n F\u00edsica. http:\/\/revistamujeres.iesislaverde.es #revistamujeres #igualdad #iesislaverde #plandeigualdad &nbsp;<\/p>\n","protected":false},"author":2,"featured_media":1521,"comment_status":"closed","ping_status":"closed","sticky":false,"template":"","format":"standard","meta":{"footnotes":""},"categories":[1],"tags":[],"class_list":["post-1519","post","type-post","status-publish","format-standard","has-post-thumbnail","hentry","category-isla-verde"],"_links":{"self":[{"href":"https:\/\/dev.iesislaverde.es\/index.php\/wp-json\/wp\/v2\/posts\/1519","targetHints":{"allow":["GET"]}}],"collection":[{"href":"https:\/\/dev.iesislaverde.es\/index.php\/wp-json\/wp\/v2\/posts"}],"about":[{"href":"https:\/\/dev.iesislaverde.es\/index.php\/wp-json\/wp\/v2\/types\/post"}],"author":[{"embeddable":true,"href":"https:\/\/dev.iesislaverde.es\/index.php\/wp-json\/wp\/v2\/users\/2"}],"replies":[{"embeddable":true,"href":"https:\/\/dev.iesislaverde.es\/index.php\/wp-json\/wp\/v2\/comments?post=1519"}],"version-history":[{"count":2,"href":"https:\/\/dev.iesislaverde.es\/index.php\/wp-json\/wp\/v2\/posts\/1519\/revisions"}],"predecessor-version":[{"id":2653,"href":"https:\/\/dev.iesislaverde.es\/index.php\/wp-json\/wp\/v2\/posts\/1519\/revisions\/2653"}],"wp:featuredmedia":[{"embeddable":true,"href":"https:\/\/dev.iesislaverde.es\/index.php\/wp-json\/wp\/v2\/media\/1521"}],"wp:attachment":[{"href":"https:\/\/dev.iesislaverde.es\/index.php\/wp-json\/wp\/v2\/media?parent=1519"}],"wp:term":[{"taxonomy":"category","embeddable":true,"href":"https:\/\/dev.iesislaverde.es\/index.php\/wp-json\/wp\/v2\/categories?post=1519"},{"taxonomy":"post_tag","embeddable":true,"href":"https:\/\/dev.iesislaverde.es\/index.php\/wp-json\/wp\/v2\/tags?post=1519"}],"curies":[{"name":"wp","href":"https:\/\/api.w.org\/{rel}","templated":true}]}}