{"id":1886,"date":"2018-06-06T09:01:32","date_gmt":"2018-06-06T09:01:32","guid":{"rendered":"http:\/\/www.iesislaverde.es\/?p=1886"},"modified":"2019-11-17T08:18:42","modified_gmt":"2019-11-17T08:18:42","slug":"reunion-con-familias","status":"publish","type":"post","link":"https:\/\/dev.iesislaverde.es\/index.php\/2018\/06\/06\/reunion-con-familias\/","title":{"rendered":"Reuni\u00f3n con familias alumnado nueva incorporaci\u00f3n (1\u00baESO y 1\u00baBachillerato)"},"content":{"rendered":"<p>2\u00aa Reuni\u00f3n con las familias de 1\u00ba ESO, lunes 11 de junio, a las 17:30 h (Sal\u00f3n Actos), para tratar aspectos relacionados con la matriculaci\u00f3n, funcionamiento y entrega de documentaci\u00f3n.<\/p>\n<p>1\u00aa Reuni\u00f3n 1\u00ba Bachillerato,\u00a0lunes 11 de junio, a las 18:45 h (Sal\u00f3n Actos), para tratar aspectos relacionados con la matriculaci\u00f3n, funcionamiento y entrega de documentaci\u00f3n.<\/p>\n","protected":false},"excerpt":{"rendered":"<p>2\u00aa Reuni\u00f3n con las familias de 1\u00ba ESO, lunes 11 de junio, a las 17:30 h (Sal\u00f3n Actos), para tratar aspectos relacionados con la matriculaci\u00f3n, funcionamiento y entrega de documentaci\u00f3n. 1\u00aa Reuni\u00f3n 1\u00ba Bachillerato,\u00a0lunes 11 de junio, a las 18:45 h (Sal\u00f3n Actos), para tratar aspectos relacionados con la matriculaci\u00f3n, funcionamiento y entrega de documentaci\u00f3n.<\/p>\n","protected":false},"author":2,"featured_media":1929,"comment_status":"closed","ping_status":"closed","sticky":false,"template":"","format":"standard","meta":{"footnotes":""},"categories":[1],"tags":[],"class_list":["post-1886","post","type-post","status-publish","format-standard","has-post-thumbnail","hentry","category-isla-verde"],"_links":{"self":[{"href":"https:\/\/dev.iesislaverde.es\/index.php\/wp-json\/wp\/v2\/posts\/1886","targetHints":{"allow":["GET"]}}],"collection":[{"href":"https:\/\/dev.iesislaverde.es\/index.php\/wp-json\/wp\/v2\/posts"}],"about":[{"href":"https:\/\/dev.iesislaverde.es\/index.php\/wp-json\/wp\/v2\/types\/post"}],"author":[{"embeddable":true,"href":"https:\/\/dev.iesislaverde.es\/index.php\/wp-json\/wp\/v2\/users\/2"}],"replies":[{"embeddable":true,"href":"https:\/\/dev.iesislaverde.es\/index.php\/wp-json\/wp\/v2\/comments?post=1886"}],"version-history":[{"count":1,"href":"https:\/\/dev.iesislaverde.es\/index.php\/wp-json\/wp\/v2\/posts\/1886\/revisions"}],"predecessor-version":[{"id":2393,"href":"https:\/\/dev.iesislaverde.es\/index.php\/wp-json\/wp\/v2\/posts\/1886\/revisions\/2393"}],"wp:featuredmedia":[{"embeddable":true,"href":"https:\/\/dev.iesislaverde.es\/index.php\/wp-json\/wp\/v2\/media\/1929"}],"wp:attachment":[{"href":"https:\/\/dev.iesislaverde.es\/index.php\/wp-json\/wp\/v2\/media?parent=1886"}],"wp:term":[{"taxonomy":"category","embeddable":true,"href":"https:\/\/dev.iesislaverde.es\/index.php\/wp-json\/wp\/v2\/categories?post=1886"},{"taxonomy":"post_tag","embeddable":true,"href":"https:\/\/dev.iesislaverde.es\/index.php\/wp-json\/wp\/v2\/tags?post=1886"}],"curies":[{"name":"wp","href":"https:\/\/api.w.org\/{rel}","templated":true}]}}