{"id":2090,"date":"2018-09-13T11:08:37","date_gmt":"2018-09-13T11:08:37","guid":{"rendered":"http:\/\/www.iesislaverde.es\/?p=2090"},"modified":"2019-11-17T08:18:05","modified_gmt":"2019-11-17T08:18:05","slug":"1a-jornada-lectiva-curso-2018-2019","status":"publish","type":"post","link":"https:\/\/dev.iesislaverde.es\/index.php\/2018\/09\/13\/1a-jornada-lectiva-curso-2018-2019\/","title":{"rendered":"1\u00aa jornada lectiva curso 2018\/2019"},"content":{"rendered":"<p style=\"text-align: center;\"><strong>1\u00aa jornada lectiva<\/strong><\/p>\n<p style=\"text-align: center;\"><strong>LUNES 17 DE SEPTIEMBRE DE 2018<\/strong><\/p>\n<p><strong>\u00a0<\/strong><\/p>\n<table width=\"100%\">\n<tbody>\n<tr>\n<td width=\"23%\">\n<p style=\"text-align: center;\"><strong>10:00 h.<\/strong><\/p>\n<\/td>\n<td width=\"76%\"><strong>\u00a0 \u00a0 \u00a01\u00ba ESO EN EL SAL\u00d3N DE ACTOS<\/strong><\/td>\n<\/tr>\n<tr>\n<td width=\"23%\">\n<p style=\"text-align: center;\"><strong>10:15 h.<\/strong><\/p>\n<\/td>\n<td width=\"76%\"><strong>\u00a0 \u00a0 \u00a02\u00ba ESO EN SUS AULAS<\/strong><\/td>\n<\/tr>\n<tr>\n<td width=\"23%\">\n<p style=\"text-align: center;\"><strong>10:30 h.<\/strong><\/p>\n<\/td>\n<td width=\"76%\"><strong>\u00a0 \u00a0 \u00a03\u00ba ESO Y 4\u00ba ESO EN SUS AULAS<\/strong><\/td>\n<\/tr>\n<tr>\n<td width=\"23%\">\n<p style=\"text-align: center;\"><strong>12:00 h.<\/strong><\/p>\n<\/td>\n<td width=\"76%\"><strong>\u00a0 \u00a0 \u00a01\u00ba BACHILLERATO EN EL SAL\u00d3N DE ACTOS<\/strong><\/td>\n<\/tr>\n<tr>\n<td width=\"23%\">\n<p style=\"text-align: center;\"><strong>12:30 h.<\/strong><\/p>\n<\/td>\n<td width=\"76%\"><strong>\u00a0 \u00a0 \u00a02\u00ba BACHILLERATO EN SUS AULAS<\/strong><\/td>\n<\/tr>\n<tr>\n<td width=\"23%\">\n<p style=\"text-align: center;\"><strong>12:30 h.<\/strong><\/p>\n<\/td>\n<td width=\"76%\"><strong>\u00a0 \u00a0 \u00a01\u00ba CICLO FORMATIVO GRADO MEDIO <\/strong><\/p>\n<p><strong>\u00a0 \u00a0 \u00a01\u00ba FORMACI\u00d3N PROFESIONAL B\u00c1SICA <\/strong><\/p>\n<p><strong>\u00a0 \u00a0 \u00a0EN SAL\u00d3N DE ACTOS<\/strong><\/td>\n<\/tr>\n<tr>\n<td width=\"23%\">\n<p style=\"text-align: center;\"><strong>13:00 h.<\/strong><\/p>\n<\/td>\n<td width=\"76%\"><strong>\u00a0 \u00a0 \u00a0CICLOS FORMATIVOS DE GRADO SUPERIOR,<\/strong><\/p>\n<p><strong>\u00a0 \u00a0 \u00a02\u00ba CICLO FORMATIVO GRADO MEDIO Y<\/strong><\/p>\n<p><strong>\u00a0 \u00a0 \u00a02\u00ba FORMACI\u00d3N PROFESIONAL B\u00c1SICA<\/strong><\/p>\n<p><strong>\u00a0 \u00a0 \u00a0EN SUS AULAS<\/strong><\/td>\n<\/tr>\n<\/tbody>\n<\/table>\n<p><strong>\u00a0<\/strong><strong>El listado de alumnos y alumnas por clases estar\u00e1 disponible el d\u00eda 17 en la entrada del centro.<\/strong><\/p>\n<p><strong>Se recuerda al alumnado que:<\/strong><\/p>\n<ul>\n<li><strong>Deber\u00e1 venir provisto de material escolar (cuaderno y bol\u00edgrafo).<\/strong><\/li>\n<li><strong>De 11:25 h. a 11:55 h. tendremos el recreo.<\/strong><\/li>\n<li><strong>El reparto de libros de texto de ESO se efectuar\u00e1 el mismo d\u00eda 17 por lo que se recomienda traer una mochila vac\u00eda.<\/strong><\/li>\n<\/ul>\n<p style=\"text-align: center;\"><strong>La hora de salida ser\u00e1 las 14:00 h. para todos los grupos.<\/strong><\/p>\n","protected":false},"excerpt":{"rendered":"<p>1\u00aa jornada lectiva LUNES 17 DE SEPTIEMBRE DE 2018 \u00a0 10:00 h. \u00a0 \u00a0 \u00a01\u00ba ESO EN EL SAL\u00d3N DE ACTOS 10:15 h. \u00a0 \u00a0 \u00a02\u00ba ESO EN SUS AULAS 10:30 h. \u00a0 \u00a0 \u00a03\u00ba ESO Y 4\u00ba ESO EN SUS AULAS 12:00 h. \u00a0 \u00a0 \u00a01\u00ba BACHILLERATO EN EL SAL\u00d3N DE ACTOS 12:30 h. [&hellip;]<\/p>\n","protected":false},"author":15,"featured_media":1948,"comment_status":"closed","ping_status":"closed","sticky":false,"template":"","format":"standard","meta":{"footnotes":""},"categories":[1],"tags":[],"class_list":["post-2090","post","type-post","status-publish","format-standard","has-post-thumbnail","hentry","category-isla-verde"],"_links":{"self":[{"href":"https:\/\/dev.iesislaverde.es\/index.php\/wp-json\/wp\/v2\/posts\/2090","targetHints":{"allow":["GET"]}}],"collection":[{"href":"https:\/\/dev.iesislaverde.es\/index.php\/wp-json\/wp\/v2\/posts"}],"about":[{"href":"https:\/\/dev.iesislaverde.es\/index.php\/wp-json\/wp\/v2\/types\/post"}],"author":[{"embeddable":true,"href":"https:\/\/dev.iesislaverde.es\/index.php\/wp-json\/wp\/v2\/users\/15"}],"replies":[{"embeddable":true,"href":"https:\/\/dev.iesislaverde.es\/index.php\/wp-json\/wp\/v2\/comments?post=2090"}],"version-history":[{"count":1,"href":"https:\/\/dev.iesislaverde.es\/index.php\/wp-json\/wp\/v2\/posts\/2090\/revisions"}],"predecessor-version":[{"id":2091,"href":"https:\/\/dev.iesislaverde.es\/index.php\/wp-json\/wp\/v2\/posts\/2090\/revisions\/2091"}],"wp:featuredmedia":[{"embeddable":true,"href":"https:\/\/dev.iesislaverde.es\/index.php\/wp-json\/wp\/v2\/media\/1948"}],"wp:attachment":[{"href":"https:\/\/dev.iesislaverde.es\/index.php\/wp-json\/wp\/v2\/media?parent=2090"}],"wp:term":[{"taxonomy":"category","embeddable":true,"href":"https:\/\/dev.iesislaverde.es\/index.php\/wp-json\/wp\/v2\/categories?post=2090"},{"taxonomy":"post_tag","embeddable":true,"href":"https:\/\/dev.iesislaverde.es\/index.php\/wp-json\/wp\/v2\/tags?post=2090"}],"curies":[{"name":"wp","href":"https:\/\/api.w.org\/{rel}","templated":true}]}}