{"id":2094,"date":"2020-09-28T20:54:14","date_gmt":"2020-09-28T20:54:14","guid":{"rendered":"http:\/\/www.iesislaverde.es\/?p=2094"},"modified":"2020-10-24T07:31:14","modified_gmt":"2020-10-24T07:31:14","slug":"elecciones-a-consejo-escolar","status":"publish","type":"post","link":"https:\/\/dev.iesislaverde.es\/index.php\/2020\/09\/28\/elecciones-a-consejo-escolar\/","title":{"rendered":"Aplazadas Elecciones a Consejo Escolar 2020"},"content":{"rendered":"<p><span style=\"color: #ff0000;\">AVISO: PARALIZACI\u00d3N Y CAMBIO DE FECHAS DE LAS ELECCIONES A CONSEJO ESCOLAR POR RESOLUCI\u00d3N DE DOS DE COTUBRE DE 2020 DE LA DELEGACI\u00d3N TERRITORIAL DE EDUCACI\u00d3N, DEPORTE, IGUALDAD, POL\u00cdTICAS SOCIALIES Y CONCILIACI\u00d3N DE C\u00c1DIZ DEBIDO A LA EMERGENCIA SANITARIA, <a href=\"https:\/\/www.juntadeandalucia.es\/boja\/2020\/199\/50\">aqu\u00ed<\/a><\/span><\/p>\n<p>Estimadas familias:<\/p>\n<p>La Constituci\u00f3n establece, en su art\u00edculo 27, que &#8220;los profesores, los padres, y en su caso los alumnos, intervendr\u00e1n en el control y gesti\u00f3n de todos los centros sostenidos por la Administraci\u00f3n con fondos p\u00fablicos&#8221;<\/p>\n<p>Este curso tenemos elecciones a Consejo Escolar de Centro para su renovaci\u00f3n. Todas las madres y padres, alumnas y alumnos y profesoras y profesores pueden presentarse.<\/p>\n<p>Participar en el Consejo Escolar significa contribuir a mejorar el Centro donde se forman vuestro hijos e hijas, es una manera democr\u00e1tica y real de buscar la mejora y las soluciones a muchos de los aspectos que rigen el d\u00eda a d\u00eda del Instituto.<\/p>\n<p>En el tabl\u00f3n de anuncios se publica toda la documentaci\u00f3n relacionada con los el proceso electoral y si est\u00e1s interesado\/-a en participar, el periodo de presentaci\u00f3n de candidaturas es del 4 al 18 de octubre.<\/p>\n<p>Os damos a conocer, a continuaci\u00f3n, el calendario del proceso:<\/p>\n<ul>\n<li>Sorteo p\u00fablico para seleccionar los componentes de la Junta Electoral: Jueves 1 de octubre a las 11:30h en el Sal\u00f3n de Actos.<\/li>\n<li>La Junta Electoral se constituir\u00e1 el jueves\u00a0 8 de octubre.<\/li>\n<li><strong>El plazo de admisi\u00f3n de candidaturas ser\u00e1 el comprendido entre los d\u00edas 16 y 29 de octubre de 2020 (ambos inclusive)<\/strong>. Las candidaturas se presentar\u00e1n en la Secretar\u00eda seg\u00fan modelo a descargar <a href=\"https:\/\/www.dropbox.com\/s\/9al2e38wuu6s2sn\/solicitud_candidatura.pdf?dl=0\">aqu\u00ed<\/a>.<\/li>\n<li>La Junta Electoral har\u00e1 p\u00fablica la lista provisional de candidatos y candidatas el 30 de octubre y la lista definitiva el 4 de noviembre de 2020.<\/li>\n<li>La campa\u00f1a electoral se llevar\u00e1 a cabo desde el 5 al 13 de noviembre de 2020 (ambos inclusive).<\/li>\n<li>La celebraci\u00f3n de las elecciones tendr\u00e1 lugar durante los siguientes d\u00edas:<\/li>\n<li>17 de noviembre elecciones del sector padres, madres y tutores del alumnado<\/li>\n<li>18 de noviembre elecciones del sector del alumnado.<\/li>\n<li>19 de noviembre elecciones del sector del profesorado, del personal de administraci\u00f3n y servicios y, en su caso, del personal de atenci\u00f3n educativa complementaria.<\/li>\n<li>La constituci\u00f3n del nuevo Consejo Escolar deber\u00e1 realizarse antes del 21 de diciembre de 2020.<\/li>\n<\/ul>\n<p style=\"text-align: center;\"><a href=\"https:\/\/www.dropbox.com\/s\/9al2e38wuu6s2sn\/solicitud_candidatura.pdf?dl=0\">MODELO\u00a0 DE SOLICITUD DE CANDIDATURA<\/a><\/p>\n<p>&nbsp;<\/p>\n<p>&nbsp;<\/p>\n<p>&nbsp;<\/p>\n<p>&nbsp;<\/p>\n<p>&nbsp;<\/p>\n","protected":false},"excerpt":{"rendered":"<p>AVISO: PARALIZACI\u00d3N Y CAMBIO DE FECHAS DE LAS ELECCIONES A CONSEJO ESCOLAR POR RESOLUCI\u00d3N DE DOS DE COTUBRE DE 2020 DE LA DELEGACI\u00d3N TERRITORIAL DE EDUCACI\u00d3N, DEPORTE, IGUALDAD, POL\u00cdTICAS SOCIALIES Y CONCILIACI\u00d3N DE C\u00c1DIZ DEBIDO A LA EMERGENCIA SANITARIA, aqu\u00ed Estimadas familias: La Constituci\u00f3n establece, en su art\u00edculo 27, que &#8220;los profesores, los padres, y [&hellip;]<\/p>\n","protected":false},"author":15,"featured_media":3002,"comment_status":"closed","ping_status":"closed","sticky":false,"template":"","format":"standard","meta":{"footnotes":""},"categories":[1],"tags":[],"class_list":["post-2094","post","type-post","status-publish","format-standard","has-post-thumbnail","hentry","category-isla-verde"],"_links":{"self":[{"href":"https:\/\/dev.iesislaverde.es\/index.php\/wp-json\/wp\/v2\/posts\/2094","targetHints":{"allow":["GET"]}}],"collection":[{"href":"https:\/\/dev.iesislaverde.es\/index.php\/wp-json\/wp\/v2\/posts"}],"about":[{"href":"https:\/\/dev.iesislaverde.es\/index.php\/wp-json\/wp\/v2\/types\/post"}],"author":[{"embeddable":true,"href":"https:\/\/dev.iesislaverde.es\/index.php\/wp-json\/wp\/v2\/users\/15"}],"replies":[{"embeddable":true,"href":"https:\/\/dev.iesislaverde.es\/index.php\/wp-json\/wp\/v2\/comments?post=2094"}],"version-history":[{"count":7,"href":"https:\/\/dev.iesislaverde.es\/index.php\/wp-json\/wp\/v2\/posts\/2094\/revisions"}],"predecessor-version":[{"id":3005,"href":"https:\/\/dev.iesislaverde.es\/index.php\/wp-json\/wp\/v2\/posts\/2094\/revisions\/3005"}],"wp:featuredmedia":[{"embeddable":true,"href":"https:\/\/dev.iesislaverde.es\/index.php\/wp-json\/wp\/v2\/media\/3002"}],"wp:attachment":[{"href":"https:\/\/dev.iesislaverde.es\/index.php\/wp-json\/wp\/v2\/media?parent=2094"}],"wp:term":[{"taxonomy":"category","embeddable":true,"href":"https:\/\/dev.iesislaverde.es\/index.php\/wp-json\/wp\/v2\/categories?post=2094"},{"taxonomy":"post_tag","embeddable":true,"href":"https:\/\/dev.iesislaverde.es\/index.php\/wp-json\/wp\/v2\/tags?post=2094"}],"curies":[{"name":"wp","href":"https:\/\/api.w.org\/{rel}","templated":true}]}}