{"id":2109,"date":"2018-09-28T08:10:55","date_gmt":"2018-09-28T08:10:55","guid":{"rendered":"http:\/\/www.iesislaverde.es\/?p=2109"},"modified":"2019-11-17T08:18:05","modified_gmt":"2019-11-17T08:18:05","slug":"taller-de-teatro-curso-2018-19","status":"publish","type":"post","link":"https:\/\/dev.iesislaverde.es\/index.php\/2018\/09\/28\/taller-de-teatro-curso-2018-19\/","title":{"rendered":"Taller de teatro curso 2018\/19"},"content":{"rendered":"<p>Estimadas familias:<\/p>\n<p>Con el comienzo del curso escolar 2018\/19 y como en a\u00f1os precedentes, el IES ISLA VERDE organiza, en colaboraci\u00f3n con la asociaci\u00f3n de madres y padres de alumnos y alumnas (AMPA), todos <strong>los lunes y mi\u00e9rcoles (de 16:30 h. a 18:00 h.)<\/strong>, el <strong>Taller de Teatro.<\/strong><\/p>\n<p>Pensamos que para nuestro alumnado es una gran oportunidad para complementar el curr\u00edculum acad\u00e9mico ya que la participaci\u00f3n en actividades complementarias enriquece su formaci\u00f3n. Cabe destacar que, el Isla Verde organiza durante el mes de mayo la importante semana teatral &#8220;Jos\u00e9 Joya&#8221; con la participaci\u00f3n de muchos centros y grupos invitados adem\u00e1s del nuestro como anfitri\u00f3n.<\/p>\n<p>El taller dar\u00e1 comienzo el lunes, 1 de octubre a las 16:30 h. en el teatro del centro.<\/p>\n<p>Precio: 23 \u20ac\/mes<\/p>\n<p>20 \u20ac\/mes (miembros AMPA de nuestro centro).<\/p>\n","protected":false},"excerpt":{"rendered":"<p>Estimadas familias: Con el comienzo del curso escolar 2018\/19 y como en a\u00f1os precedentes, el IES ISLA VERDE organiza, en colaboraci\u00f3n con la asociaci\u00f3n de madres y padres de alumnos y alumnas (AMPA), todos los lunes y mi\u00e9rcoles (de 16:30 h. a 18:00 h.), el Taller de Teatro. Pensamos que para nuestro alumnado es una [&hellip;]<\/p>\n","protected":false},"author":15,"featured_media":2111,"comment_status":"closed","ping_status":"closed","sticky":false,"template":"","format":"standard","meta":{"footnotes":""},"categories":[1],"tags":[],"class_list":["post-2109","post","type-post","status-publish","format-standard","has-post-thumbnail","hentry","category-isla-verde"],"_links":{"self":[{"href":"https:\/\/dev.iesislaverde.es\/index.php\/wp-json\/wp\/v2\/posts\/2109","targetHints":{"allow":["GET"]}}],"collection":[{"href":"https:\/\/dev.iesislaverde.es\/index.php\/wp-json\/wp\/v2\/posts"}],"about":[{"href":"https:\/\/dev.iesislaverde.es\/index.php\/wp-json\/wp\/v2\/types\/post"}],"author":[{"embeddable":true,"href":"https:\/\/dev.iesislaverde.es\/index.php\/wp-json\/wp\/v2\/users\/15"}],"replies":[{"embeddable":true,"href":"https:\/\/dev.iesislaverde.es\/index.php\/wp-json\/wp\/v2\/comments?post=2109"}],"version-history":[{"count":1,"href":"https:\/\/dev.iesislaverde.es\/index.php\/wp-json\/wp\/v2\/posts\/2109\/revisions"}],"predecessor-version":[{"id":2110,"href":"https:\/\/dev.iesislaverde.es\/index.php\/wp-json\/wp\/v2\/posts\/2109\/revisions\/2110"}],"wp:featuredmedia":[{"embeddable":true,"href":"https:\/\/dev.iesislaverde.es\/index.php\/wp-json\/wp\/v2\/media\/2111"}],"wp:attachment":[{"href":"https:\/\/dev.iesislaverde.es\/index.php\/wp-json\/wp\/v2\/media?parent=2109"}],"wp:term":[{"taxonomy":"category","embeddable":true,"href":"https:\/\/dev.iesislaverde.es\/index.php\/wp-json\/wp\/v2\/categories?post=2109"},{"taxonomy":"post_tag","embeddable":true,"href":"https:\/\/dev.iesislaverde.es\/index.php\/wp-json\/wp\/v2\/tags?post=2109"}],"curies":[{"name":"wp","href":"https:\/\/api.w.org\/{rel}","templated":true}]}}