{"id":2115,"date":"2019-10-11T20:36:46","date_gmt":"2019-10-11T20:36:46","guid":{"rendered":"http:\/\/www.iesislaverde.es\/?p=2115"},"modified":"2019-11-17T08:18:03","modified_gmt":"2019-11-17T08:18:03","slug":"talleres-de-recreo-18-19","status":"publish","type":"post","link":"https:\/\/dev.iesislaverde.es\/index.php\/2019\/10\/11\/talleres-de-recreo-18-19\/","title":{"rendered":"Talleres de Recreo 19-20."},"content":{"rendered":"<p>Estimadas familias:<\/p>\n<p>Os informamos de la oferta de Talleres de Convivencia y Ocio de los que podr\u00e1n disfrutar vuestros\/-as hijos e hijas durante el horario de recreo para el fomento de la buena convivencia y la igualdad en nuestro centro educativo. El alumnado ser\u00e1 informado de los mismos por parte del Departamento de Convivencia e Igualdad para su conocimiento e inscripci\u00f3n.<\/p>\n<p>Las actividades de recreo que comenzar\u00e1n a lo largo del presente mes de octubre son:<\/p>\n<p>-Taller de ajedrez y participaci\u00f3n en posterior campeonato.<\/p>\n<p>-Ligas internas deportivas (f\u00fatbol, baloncesto, bal\u00f3n prisionero,\u2026)<\/p>\n<p>-Sala de Ping-Pong a dos niveles.<\/p>\n<p>-Lectura y Biblioteca en recreo.<\/p>\n<p>-Rob\u00f3tica.<\/p>\n<p>-Club de debate.<\/p>\n<p>-Juegos tradicionales y d\u00eda de la fruta (incorporaci\u00f3n a lo largo del primer trimestre), un d\u00eda a la semana.<\/p>\n<p>-Taller de inteligencia emocional \u201cIGUALCONVERDE&#8221;<\/p>\n","protected":false},"excerpt":{"rendered":"<p>Estimadas familias: Os informamos de la oferta de Talleres de Convivencia y Ocio de los que podr\u00e1n disfrutar vuestros\/-as hijos e hijas durante el horario de recreo para el fomento de la buena convivencia y la igualdad en nuestro centro educativo. El alumnado ser\u00e1 informado de los mismos por parte del Departamento de Convivencia e [&hellip;]<\/p>\n","protected":false},"author":15,"featured_media":2116,"comment_status":"closed","ping_status":"closed","sticky":false,"template":"","format":"standard","meta":{"footnotes":""},"categories":[1],"tags":[],"class_list":["post-2115","post","type-post","status-publish","format-standard","has-post-thumbnail","hentry","category-isla-verde"],"_links":{"self":[{"href":"https:\/\/dev.iesislaverde.es\/index.php\/wp-json\/wp\/v2\/posts\/2115","targetHints":{"allow":["GET"]}}],"collection":[{"href":"https:\/\/dev.iesislaverde.es\/index.php\/wp-json\/wp\/v2\/posts"}],"about":[{"href":"https:\/\/dev.iesislaverde.es\/index.php\/wp-json\/wp\/v2\/types\/post"}],"author":[{"embeddable":true,"href":"https:\/\/dev.iesislaverde.es\/index.php\/wp-json\/wp\/v2\/users\/15"}],"replies":[{"embeddable":true,"href":"https:\/\/dev.iesislaverde.es\/index.php\/wp-json\/wp\/v2\/comments?post=2115"}],"version-history":[{"count":2,"href":"https:\/\/dev.iesislaverde.es\/index.php\/wp-json\/wp\/v2\/posts\/2115\/revisions"}],"predecessor-version":[{"id":2299,"href":"https:\/\/dev.iesislaverde.es\/index.php\/wp-json\/wp\/v2\/posts\/2115\/revisions\/2299"}],"wp:featuredmedia":[{"embeddable":true,"href":"https:\/\/dev.iesislaverde.es\/index.php\/wp-json\/wp\/v2\/media\/2116"}],"wp:attachment":[{"href":"https:\/\/dev.iesislaverde.es\/index.php\/wp-json\/wp\/v2\/media?parent=2115"}],"wp:term":[{"taxonomy":"category","embeddable":true,"href":"https:\/\/dev.iesislaverde.es\/index.php\/wp-json\/wp\/v2\/categories?post=2115"},{"taxonomy":"post_tag","embeddable":true,"href":"https:\/\/dev.iesislaverde.es\/index.php\/wp-json\/wp\/v2\/tags?post=2115"}],"curies":[{"name":"wp","href":"https:\/\/api.w.org\/{rel}","templated":true}]}}