{"id":2128,"date":"2018-11-12T21:57:48","date_gmt":"2018-11-12T21:57:48","guid":{"rendered":"http:\/\/www.iesislaverde.es\/?p=2128"},"modified":"2019-11-17T08:18:05","modified_gmt":"2019-11-17T08:18:05","slug":"beca-6000","status":"publish","type":"post","link":"https:\/\/dev.iesislaverde.es\/index.php\/2018\/11\/12\/beca-6000\/","title":{"rendered":"Beca 6000"},"content":{"rendered":"<p>Estimadas familias y alumnado:<\/p>\n<p>A lo largo de esta semana se publicar\u00e1 en BOJA la convocatoria de Beca 6000 para el curso 2018-2019. A partir del d\u00eda siguiente a esta publicaci\u00f3n los alumnos podr\u00e1n entrar en la secretar\u00eda virtual de la Consejer\u00eda y solicitar esta beca.<\/p>\n<p>Como novedad para esta convocatoria, los alumnos podr\u00e1n firmar y presentar su solicitud a trav\u00e9s de la secretar\u00eda virtual, utilizando para ello\u00a0 el n\u00famero IDESP o NUM SOPORT que pueden encontrar en\u00a0su DNI, tal como se realiza actualmente para la beca de convocatoria general. De esta forma, su solicitud quedar\u00e1 tramitada y presentada telem\u00e1ticamente sin necesidad de intervenci\u00f3n alguna por parte del centro.<\/p>\n<p>No obstante, como en a\u00f1os anteriores, tambi\u00e9n se da la posibilidad de:<\/p>\n<ul>\n<li>Rellenar la solicitud a trav\u00e9s de la secretar\u00eda virtual y presentarla en el centro.<\/li>\n<\/ul>\n<p>Un cordial saludo.<\/p>\n","protected":false},"excerpt":{"rendered":"<p>Estimadas familias y alumnado: A lo largo de esta semana se publicar\u00e1 en BOJA la convocatoria de Beca 6000 para el curso 2018-2019. A partir del d\u00eda siguiente a esta publicaci\u00f3n los alumnos podr\u00e1n entrar en la secretar\u00eda virtual de la Consejer\u00eda y solicitar esta beca. Como novedad para esta convocatoria, los alumnos podr\u00e1n firmar [&hellip;]<\/p>\n","protected":false},"author":15,"featured_media":2129,"comment_status":"closed","ping_status":"closed","sticky":false,"template":"","format":"standard","meta":{"footnotes":""},"categories":[1],"tags":[],"class_list":["post-2128","post","type-post","status-publish","format-standard","has-post-thumbnail","hentry","category-isla-verde"],"_links":{"self":[{"href":"https:\/\/dev.iesislaverde.es\/index.php\/wp-json\/wp\/v2\/posts\/2128","targetHints":{"allow":["GET"]}}],"collection":[{"href":"https:\/\/dev.iesislaverde.es\/index.php\/wp-json\/wp\/v2\/posts"}],"about":[{"href":"https:\/\/dev.iesislaverde.es\/index.php\/wp-json\/wp\/v2\/types\/post"}],"author":[{"embeddable":true,"href":"https:\/\/dev.iesislaverde.es\/index.php\/wp-json\/wp\/v2\/users\/15"}],"replies":[{"embeddable":true,"href":"https:\/\/dev.iesislaverde.es\/index.php\/wp-json\/wp\/v2\/comments?post=2128"}],"version-history":[{"count":3,"href":"https:\/\/dev.iesislaverde.es\/index.php\/wp-json\/wp\/v2\/posts\/2128\/revisions"}],"predecessor-version":[{"id":2132,"href":"https:\/\/dev.iesislaverde.es\/index.php\/wp-json\/wp\/v2\/posts\/2128\/revisions\/2132"}],"wp:featuredmedia":[{"embeddable":true,"href":"https:\/\/dev.iesislaverde.es\/index.php\/wp-json\/wp\/v2\/media\/2129"}],"wp:attachment":[{"href":"https:\/\/dev.iesislaverde.es\/index.php\/wp-json\/wp\/v2\/media?parent=2128"}],"wp:term":[{"taxonomy":"category","embeddable":true,"href":"https:\/\/dev.iesislaverde.es\/index.php\/wp-json\/wp\/v2\/categories?post=2128"},{"taxonomy":"post_tag","embeddable":true,"href":"https:\/\/dev.iesislaverde.es\/index.php\/wp-json\/wp\/v2\/tags?post=2128"}],"curies":[{"name":"wp","href":"https:\/\/api.w.org\/{rel}","templated":true}]}}