{"id":2134,"date":"2018-11-13T20:15:54","date_gmt":"2018-11-13T20:15:54","guid":{"rendered":"http:\/\/www.iesislaverde.es\/?p=2134"},"modified":"2019-11-17T08:18:05","modified_gmt":"2019-11-17T08:18:05","slug":"resultado-de-la-votacion-de-representantes-al-consejo-escolar-sector-madres-y-padres","status":"publish","type":"post","link":"https:\/\/dev.iesislaverde.es\/index.php\/2018\/11\/13\/resultado-de-la-votacion-de-representantes-al-consejo-escolar-sector-madres-y-padres\/","title":{"rendered":"Resultado de la votaci\u00f3n de representantes al Consejo Escolar: Sector madres y padres."},"content":{"rendered":"<p>&nbsp;<\/p>\n<table>\n<tbody>\n<tr>\n<td width=\"354\"><strong>CANDIDATO\/-A<\/strong><\/td>\n<td width=\"354\"><strong>N\u00ba DE VOTOS<\/strong><\/td>\n<\/tr>\n<tr>\n<td width=\"354\">Guti\u00e9rrez Trola, \u00c1ngela<\/td>\n<td width=\"354\">87<\/td>\n<\/tr>\n<tr>\n<td width=\"354\">Guijarro Delicado, Paola Carmen<\/td>\n<td width=\"354\">44<\/td>\n<\/tr>\n<tr>\n<td width=\"354\">Romero Trivi\u00f1o, Mercedes<\/td>\n<td width=\"354\">34<\/td>\n<\/tr>\n<tr>\n<td width=\"354\">Chaves Perea, Alicia<\/td>\n<td width=\"354\">18<\/td>\n<\/tr>\n<tr>\n<td width=\"354\">Armenta Moreno, Juan Jes\u00fas<\/td>\n<td width=\"354\">14<\/td>\n<\/tr>\n<tr>\n<td width=\"354\">Sarri\u00e1 Gait\u00e1n, Esperanza<\/td>\n<td width=\"354\">12<\/td>\n<\/tr>\n<tr>\n<td width=\"354\">Monterroso Madrid, Mario<\/td>\n<td width=\"354\">9<\/td>\n<\/tr>\n<tr>\n<td width=\"354\">Vera S\u00e1nchez, M\u00aa del Mar<\/td>\n<td width=\"354\">9<\/td>\n<\/tr>\n<tr>\n<td width=\"354\">G\u00f3mez L\u00f3pez, Susana<\/td>\n<td width=\"354\">8<\/td>\n<\/tr>\n<tr>\n<td width=\"354\">Mart\u00edn Garc\u00eda,\u00a0 Yolanda<\/td>\n<td width=\"354\">7<\/td>\n<\/tr>\n<tr>\n<td width=\"354\">S\u00e1nchez Le\u00f3n, Esmeralda<\/td>\n<td width=\"354\">5<\/td>\n<\/tr>\n<\/tbody>\n<\/table>\n<p>&nbsp;<\/p>\n<p>Los representantes electos han sido:<\/p>\n<table>\n<tbody>\n<tr>\n<td width=\"354\"><strong>MIEMBRO ELECTO<\/strong><\/td>\n<td width=\"354\"><strong>N\u00ba VOTOS<\/strong><\/td>\n<\/tr>\n<tr>\n<td width=\"354\">Guti\u00e9rrez Trola, \u00c1ngela<\/td>\n<td width=\"354\">87<\/td>\n<\/tr>\n<tr>\n<td width=\"354\">Guijarro Delicado, Paola Carmen<\/td>\n<td width=\"354\">44<\/td>\n<\/tr>\n<tr>\n<td width=\"354\">Romero Trivi\u00f1o, Mercedes<\/td>\n<td width=\"354\">34<\/td>\n<\/tr>\n<tr>\n<td width=\"354\">Chaves Perea, Alicia<\/td>\n<td width=\"354\">18<\/td>\n<\/tr>\n<tr>\n<td width=\"354\">Nieves Alb\u00e9ndiz Rivero<\/td>\n<td width=\"354\">Designaci\u00f3n directa representante AMPA<\/td>\n<\/tr>\n<\/tbody>\n<\/table>\n<p>&nbsp;<\/p>\n<p>El orden de sustituci\u00f3n en caso de que un miembro cause baja ser\u00e1 por el orden de votaci\u00f3n durante los pr\u00f3ximos dos a\u00f1os.<\/p>\n<p>El acta del proceso electoral firmada se encuentra publicada en el Tabl\u00f3n de anuncios del centro.<\/p>\n<p>&nbsp;<\/p>\n<p>LA DIRECCI\u00d3N.<\/p>\n","protected":false},"excerpt":{"rendered":"<p>&nbsp; CANDIDATO\/-A N\u00ba DE VOTOS Guti\u00e9rrez Trola, \u00c1ngela 87 Guijarro Delicado, Paola Carmen 44 Romero Trivi\u00f1o, Mercedes 34 Chaves Perea, Alicia 18 Armenta Moreno, Juan Jes\u00fas 14 Sarri\u00e1 Gait\u00e1n, Esperanza 12 Monterroso Madrid, Mario 9 Vera S\u00e1nchez, M\u00aa del Mar 9 G\u00f3mez L\u00f3pez, Susana 8 Mart\u00edn Garc\u00eda,\u00a0 Yolanda 7 S\u00e1nchez Le\u00f3n, Esmeralda 5 &nbsp; Los [&hellip;]<\/p>\n","protected":false},"author":15,"featured_media":0,"comment_status":"closed","ping_status":"closed","sticky":false,"template":"","format":"standard","meta":{"footnotes":""},"categories":[1],"tags":[],"class_list":["post-2134","post","type-post","status-publish","format-standard","hentry","category-isla-verde"],"_links":{"self":[{"href":"https:\/\/dev.iesislaverde.es\/index.php\/wp-json\/wp\/v2\/posts\/2134","targetHints":{"allow":["GET"]}}],"collection":[{"href":"https:\/\/dev.iesislaverde.es\/index.php\/wp-json\/wp\/v2\/posts"}],"about":[{"href":"https:\/\/dev.iesislaverde.es\/index.php\/wp-json\/wp\/v2\/types\/post"}],"author":[{"embeddable":true,"href":"https:\/\/dev.iesislaverde.es\/index.php\/wp-json\/wp\/v2\/users\/15"}],"replies":[{"embeddable":true,"href":"https:\/\/dev.iesislaverde.es\/index.php\/wp-json\/wp\/v2\/comments?post=2134"}],"version-history":[{"count":1,"href":"https:\/\/dev.iesislaverde.es\/index.php\/wp-json\/wp\/v2\/posts\/2134\/revisions"}],"predecessor-version":[{"id":2135,"href":"https:\/\/dev.iesislaverde.es\/index.php\/wp-json\/wp\/v2\/posts\/2134\/revisions\/2135"}],"wp:attachment":[{"href":"https:\/\/dev.iesislaverde.es\/index.php\/wp-json\/wp\/v2\/media?parent=2134"}],"wp:term":[{"taxonomy":"category","embeddable":true,"href":"https:\/\/dev.iesislaverde.es\/index.php\/wp-json\/wp\/v2\/categories?post=2134"},{"taxonomy":"post_tag","embeddable":true,"href":"https:\/\/dev.iesislaverde.es\/index.php\/wp-json\/wp\/v2\/tags?post=2134"}],"curies":[{"name":"wp","href":"https:\/\/api.w.org\/{rel}","templated":true}]}}