{"id":2152,"date":"2018-12-17T15:50:54","date_gmt":"2018-12-17T15:50:54","guid":{"rendered":"http:\/\/www.iesislaverde.es\/?p=2152"},"modified":"2019-11-17T08:18:04","modified_gmt":"2019-11-17T08:18:04","slug":"beca-adriano","status":"publish","type":"post","link":"https:\/\/dev.iesislaverde.es\/index.php\/2018\/12\/17\/beca-adriano\/","title":{"rendered":"Beca Adriano"},"content":{"rendered":"<p>Se efect\u00faa la convocatoria p\u00fablica de la Beca Adriano dirigida a facilitar la permanencia en el sistema educativo del alumnado que curse alguna de las ense\u00f1anzas incluidas en su \u00e1mbito de aplicaci\u00f3n, para el curso escolar 2018-19.<\/p>\n<p>Podr\u00e1n presentar solicitud los alumnos de las siguientes ense\u00f1anzas oficiales (no universitarios) de Andaluc\u00eda:<\/p>\n<p>\u00b7\u00a0\u00a0\u00a0\u00a0\u00a0\u00a0\u00a0\u00a0\u00a0Bachillerato<\/p>\n<p>\u00b7\u00a0\u00a0\u00a0\u00a0\u00a0\u00a0\u00a0\u00a0\u00a02\u00ba curso de Grado Medio de FP, m\u00fasica y danza, artes pl\u00e1sticas y dise\u00f1o, ense\u00f1anzas deportivas.<\/p>\n<p>\u00b7\u00a0\u00a0\u00a0\u00a0\u00a0\u00a0\u00a0\u00a0\u00a0Grado Superior de FP, de Artes Pl\u00e1sticas y Dise\u00f1o, y de Ense\u00f1anzas Deportivas.<\/p>\n<p>\u00b7\u00a0\u00a0\u00a0\u00a0\u00a0\u00a0\u00a0\u00a0\u00a0Ense\u00f1anzas Art\u00edsticas Superiores.<\/p>\n<p>Plazo: Un mes a partir del d\u00eda siguiente a la publicaci\u00f3n en BOJA de 14 de diciembre.<\/p>\n<p>Os adjuntamos el BOJA con las \u00a0condiciones de esta beca, as\u00ed como el pdf de la misma.<\/p>\n<p><a href=\"https:\/\/juntadeandalucia.es\/boja\/2018\/241\/BOJA18-241-00010-20321-01_00147534.pdf\" target=\"_blank\" rel=\"noopener noreferrer\">https:\/\/juntadeandalucia.es\/boja\/2018\/241\/BOJA18-241-00010-20321-01_00147534.pdf<\/a><\/p>\n<p>&nbsp;<\/p>\n","protected":false},"excerpt":{"rendered":"<p>Se efect\u00faa la convocatoria p\u00fablica de la Beca Adriano dirigida a facilitar la permanencia en el sistema educativo del alumnado que curse alguna de las ense\u00f1anzas incluidas en su \u00e1mbito de aplicaci\u00f3n, para el curso escolar 2018-19. Podr\u00e1n presentar solicitud los alumnos de las siguientes ense\u00f1anzas oficiales (no universitarios) de Andaluc\u00eda: \u00b7\u00a0\u00a0\u00a0\u00a0\u00a0\u00a0\u00a0\u00a0\u00a0Bachillerato \u00b7\u00a0\u00a0\u00a0\u00a0\u00a0\u00a0\u00a0\u00a0\u00a02\u00ba curso de [&hellip;]<\/p>\n","protected":false},"author":15,"featured_media":2154,"comment_status":"closed","ping_status":"closed","sticky":false,"template":"","format":"standard","meta":{"footnotes":""},"categories":[1],"tags":[],"class_list":["post-2152","post","type-post","status-publish","format-standard","has-post-thumbnail","hentry","category-isla-verde"],"_links":{"self":[{"href":"https:\/\/dev.iesislaverde.es\/index.php\/wp-json\/wp\/v2\/posts\/2152","targetHints":{"allow":["GET"]}}],"collection":[{"href":"https:\/\/dev.iesislaverde.es\/index.php\/wp-json\/wp\/v2\/posts"}],"about":[{"href":"https:\/\/dev.iesislaverde.es\/index.php\/wp-json\/wp\/v2\/types\/post"}],"author":[{"embeddable":true,"href":"https:\/\/dev.iesislaverde.es\/index.php\/wp-json\/wp\/v2\/users\/15"}],"replies":[{"embeddable":true,"href":"https:\/\/dev.iesislaverde.es\/index.php\/wp-json\/wp\/v2\/comments?post=2152"}],"version-history":[{"count":2,"href":"https:\/\/dev.iesislaverde.es\/index.php\/wp-json\/wp\/v2\/posts\/2152\/revisions"}],"predecessor-version":[{"id":2392,"href":"https:\/\/dev.iesislaverde.es\/index.php\/wp-json\/wp\/v2\/posts\/2152\/revisions\/2392"}],"wp:featuredmedia":[{"embeddable":true,"href":"https:\/\/dev.iesislaverde.es\/index.php\/wp-json\/wp\/v2\/media\/2154"}],"wp:attachment":[{"href":"https:\/\/dev.iesislaverde.es\/index.php\/wp-json\/wp\/v2\/media?parent=2152"}],"wp:term":[{"taxonomy":"category","embeddable":true,"href":"https:\/\/dev.iesislaverde.es\/index.php\/wp-json\/wp\/v2\/categories?post=2152"},{"taxonomy":"post_tag","embeddable":true,"href":"https:\/\/dev.iesislaverde.es\/index.php\/wp-json\/wp\/v2\/tags?post=2152"}],"curies":[{"name":"wp","href":"https:\/\/api.w.org\/{rel}","templated":true}]}}