{"id":2158,"date":"2020-02-20T08:27:03","date_gmt":"2020-02-20T08:27:03","guid":{"rendered":"http:\/\/www.iesislaverde.es\/?p=2158"},"modified":"2020-05-15T21:22:40","modified_gmt":"2020-05-15T21:22:40","slug":"beca-adriano-2","status":"publish","type":"post","link":"https:\/\/dev.iesislaverde.es\/index.php\/2020\/02\/20\/beca-adriano-2\/","title":{"rendered":"D\u00eda de la Fruta"},"content":{"rendered":"<p>Estimas familias:<\/p>\n<p>La Ley Org\u00e1nica de Educaci\u00f3n (LOE), as\u00ed como en su posterior modificaci\u00f3n (LOMCE) en su art\u00edculo 2 y toda la normativa que regula las ense\u00f1anzas en nuestro pa\u00eds y comunidad aut\u00f3noma hace referencia continua al fomento de la adquisici\u00f3n<strong> de h\u00e1bitos de vida saludable<\/strong> de nuestro alumnado. En base a ello, y como novedad, os informamos que la pr\u00f3xima semana comenzamos con nuestro \u201cD\u00eda de la Fruta\u201d en colaboraci\u00f3n con la AMPA. Se trata de una campa\u00f1a de fomento de h\u00e1bitos de vida saludable, en el que intentaremos concienciar a nuestro alumnado y familias del beneficio que aporta el consumo de fruta, as\u00ed como crear h\u00e1bitos. Por ello, en <strong><u>todos los recreos de los martes<\/u><\/strong> ofreceremos fruta a nuestro alumnado de forma gratuita. \u00a0Cada alumno podr\u00e1 consumir diversas piezas de fruta variada y del tiempo, que se encontrar\u00e1n disponibles en los cestos situados junto a la cafeter\u00eda.<\/p>\n<p>Os solicitamos, a vosotras las familias, colaboraci\u00f3n para que este d\u00eda de la semana, los alumnos y las alumnas, sustituyan o complementen su desayuno habitual con el de consumo de fruta.<\/p>\n<p>Asimismo, y para que la campa\u00f1a sea m\u00e1s efectiva os invitamos a participar, facilitando a vuestros hijos e hijas que tambi\u00e9n paralelamente traigan fruta como desayuno o complemento al mismo los martes, como d\u00eda de la semana estipulado para su consumo.<\/p>\n<p>Esperando contar con vuestra participaci\u00f3n en esta campa\u00f1a, y en todo lo que se refiere al proceso educativo de nuestros menores, recibid un cordial saludo.<\/p>\n","protected":false},"excerpt":{"rendered":"<p>Estimas familias: La Ley Org\u00e1nica de Educaci\u00f3n (LOE), as\u00ed como en su posterior modificaci\u00f3n (LOMCE) en su art\u00edculo 2 y toda la normativa que regula las ense\u00f1anzas en nuestro pa\u00eds y comunidad aut\u00f3noma hace referencia continua al fomento de la adquisici\u00f3n de h\u00e1bitos de vida saludable de nuestro alumnado. En base a ello, y como [&hellip;]<\/p>\n","protected":false},"author":15,"featured_media":2680,"comment_status":"closed","ping_status":"closed","sticky":false,"template":"","format":"standard","meta":{"footnotes":""},"categories":[1],"tags":[],"class_list":["post-2158","post","type-post","status-publish","format-standard","has-post-thumbnail","hentry","category-isla-verde"],"_links":{"self":[{"href":"https:\/\/dev.iesislaverde.es\/index.php\/wp-json\/wp\/v2\/posts\/2158","targetHints":{"allow":["GET"]}}],"collection":[{"href":"https:\/\/dev.iesislaverde.es\/index.php\/wp-json\/wp\/v2\/posts"}],"about":[{"href":"https:\/\/dev.iesislaverde.es\/index.php\/wp-json\/wp\/v2\/types\/post"}],"author":[{"embeddable":true,"href":"https:\/\/dev.iesislaverde.es\/index.php\/wp-json\/wp\/v2\/users\/15"}],"replies":[{"embeddable":true,"href":"https:\/\/dev.iesislaverde.es\/index.php\/wp-json\/wp\/v2\/comments?post=2158"}],"version-history":[{"count":1,"href":"https:\/\/dev.iesislaverde.es\/index.php\/wp-json\/wp\/v2\/posts\/2158\/revisions"}],"predecessor-version":[{"id":2159,"href":"https:\/\/dev.iesislaverde.es\/index.php\/wp-json\/wp\/v2\/posts\/2158\/revisions\/2159"}],"wp:featuredmedia":[{"embeddable":true,"href":"https:\/\/dev.iesislaverde.es\/index.php\/wp-json\/wp\/v2\/media\/2680"}],"wp:attachment":[{"href":"https:\/\/dev.iesislaverde.es\/index.php\/wp-json\/wp\/v2\/media?parent=2158"}],"wp:term":[{"taxonomy":"category","embeddable":true,"href":"https:\/\/dev.iesislaverde.es\/index.php\/wp-json\/wp\/v2\/categories?post=2158"},{"taxonomy":"post_tag","embeddable":true,"href":"https:\/\/dev.iesislaverde.es\/index.php\/wp-json\/wp\/v2\/tags?post=2158"}],"curies":[{"name":"wp","href":"https:\/\/api.w.org\/{rel}","templated":true}]}}