{"id":2206,"date":"2019-03-24T13:34:51","date_gmt":"2019-03-24T13:34:51","guid":{"rendered":"http:\/\/www.iesislaverde.es\/?p=2206"},"modified":"2019-11-17T08:18:04","modified_gmt":"2019-11-17T08:18:04","slug":"prueba-libre-de-obtencion-de-titulo-de-cfgs-de-transporte-y-logistica","status":"publish","type":"post","link":"https:\/\/dev.iesislaverde.es\/index.php\/2019\/03\/24\/prueba-libre-de-obtencion-de-titulo-de-cfgs-de-transporte-y-logistica\/","title":{"rendered":"Prueba Libre de obtenci\u00f3n de T\u00edtulo de CFGS de Transporte y Log\u00edstica"},"content":{"rendered":"<p>El acto de presentaci\u00f3n a las Pruebas de Obtenci\u00f3n de T\u00edtulo de T\u00e9cnico y T\u00e9cnico Superior, en la convocatoria de 2019, ser\u00e1 el\u00a0<strong>2 de abril de 2019, a las 18:00 horas<\/strong>.\u00a0El\u00a0<strong>lugar se especifica<\/strong>\u00a0a continuaci\u00f3n, al igual que en la consulta personalizada\u00a0<strong>en Secretar\u00eda Virtual<\/strong>.<\/p>\n<p>&nbsp;<\/p>\n<a href=\"https:\/\/dev.iesislaverde.es\/wp-content\/uploads\/2019\/03\/Calendario-prueba-libre-transporte-y-log\u00edstica.pdf\" class=\"pdfemb-viewer\" style=\"\" data-width=\"max\" data-height=\"max\"  data-toolbar=\"bottom\" data-toolbar-fixed=\"off\">Calendario prueba libre transporte y log\u00edstica<br\/><\/a>\n","protected":false},"excerpt":{"rendered":"<p>El acto de presentaci\u00f3n a las Pruebas de Obtenci\u00f3n de T\u00edtulo de T\u00e9cnico y T\u00e9cnico Superior, en la convocatoria de 2019, ser\u00e1 el\u00a02 de abril de 2019, a las 18:00 horas.\u00a0El\u00a0lugar se especifica\u00a0a continuaci\u00f3n, al igual que en la consulta personalizada\u00a0en Secretar\u00eda Virtual. &nbsp;<\/p>\n","protected":false},"author":15,"featured_media":2207,"comment_status":"closed","ping_status":"closed","sticky":false,"template":"","format":"standard","meta":{"footnotes":""},"categories":[1],"tags":[],"class_list":["post-2206","post","type-post","status-publish","format-standard","has-post-thumbnail","hentry","category-isla-verde"],"_links":{"self":[{"href":"https:\/\/dev.iesislaverde.es\/index.php\/wp-json\/wp\/v2\/posts\/2206","targetHints":{"allow":["GET"]}}],"collection":[{"href":"https:\/\/dev.iesislaverde.es\/index.php\/wp-json\/wp\/v2\/posts"}],"about":[{"href":"https:\/\/dev.iesislaverde.es\/index.php\/wp-json\/wp\/v2\/types\/post"}],"author":[{"embeddable":true,"href":"https:\/\/dev.iesislaverde.es\/index.php\/wp-json\/wp\/v2\/users\/15"}],"replies":[{"embeddable":true,"href":"https:\/\/dev.iesislaverde.es\/index.php\/wp-json\/wp\/v2\/comments?post=2206"}],"version-history":[{"count":3,"href":"https:\/\/dev.iesislaverde.es\/index.php\/wp-json\/wp\/v2\/posts\/2206\/revisions"}],"predecessor-version":[{"id":2213,"href":"https:\/\/dev.iesislaverde.es\/index.php\/wp-json\/wp\/v2\/posts\/2206\/revisions\/2213"}],"wp:featuredmedia":[{"embeddable":true,"href":"https:\/\/dev.iesislaverde.es\/index.php\/wp-json\/wp\/v2\/media\/2207"}],"wp:attachment":[{"href":"https:\/\/dev.iesislaverde.es\/index.php\/wp-json\/wp\/v2\/media?parent=2206"}],"wp:term":[{"taxonomy":"category","embeddable":true,"href":"https:\/\/dev.iesislaverde.es\/index.php\/wp-json\/wp\/v2\/categories?post=2206"},{"taxonomy":"post_tag","embeddable":true,"href":"https:\/\/dev.iesislaverde.es\/index.php\/wp-json\/wp\/v2\/tags?post=2206"}],"curies":[{"name":"wp","href":"https:\/\/api.w.org\/{rel}","templated":true}]}}