{"id":3006,"date":"2020-10-24T07:51:34","date_gmt":"2020-10-24T07:51:34","guid":{"rendered":"https:\/\/www.iesislaverde.es\/?p=3006"},"modified":"2020-10-24T07:51:34","modified_gmt":"2020-10-24T07:51:34","slug":"primer-premio-diverciencia-2020","status":"publish","type":"post","link":"https:\/\/dev.iesislaverde.es\/index.php\/2020\/10\/24\/primer-premio-diverciencia-2020\/","title":{"rendered":"Primer premio Diverciencia 2020"},"content":{"rendered":"<p><a href=\"https:\/\/fb.watch\/1jBsFhZeTU\/\">Enlace a la noticia en Facebook<\/a><\/p>\n<p>Nuestro alumnado lo ha vuelto a conseguir. La profesora M\u00aa Jes\u00fas P\u00e1ramo y su equipo de internacionalizaci\u00f3n han logrado el primer premio del alumnado en la categor\u00eda de Medio Ambiente en la Feria Internacional de Ciencias #DivercienciaAlgeciras.<\/p>\n<p>El proyecto GRUEN (Green Urban Enviroment) sobre desarrollo de ciudades sostenibles que ha sido trabajado durante el curso pasado y el inicio del presente.<\/p>\n<p>Enhorabuena a los ganadores!<\/p>\n","protected":false},"excerpt":{"rendered":"<p>Enlace a la noticia en Facebook Nuestro alumnado lo ha vuelto a conseguir. La profesora M\u00aa Jes\u00fas P\u00e1ramo y su equipo de internacionalizaci\u00f3n han logrado el primer premio del alumnado en la categor\u00eda de Medio Ambiente en la Feria Internacional de Ciencias #DivercienciaAlgeciras. El proyecto GRUEN (Green Urban Enviroment) sobre desarrollo de ciudades sostenibles que [&hellip;]<\/p>\n","protected":false},"author":15,"featured_media":3007,"comment_status":"closed","ping_status":"closed","sticky":false,"template":"","format":"standard","meta":{"footnotes":""},"categories":[1],"tags":[],"class_list":["post-3006","post","type-post","status-publish","format-standard","has-post-thumbnail","hentry","category-isla-verde"],"_links":{"self":[{"href":"https:\/\/dev.iesislaverde.es\/index.php\/wp-json\/wp\/v2\/posts\/3006","targetHints":{"allow":["GET"]}}],"collection":[{"href":"https:\/\/dev.iesislaverde.es\/index.php\/wp-json\/wp\/v2\/posts"}],"about":[{"href":"https:\/\/dev.iesislaverde.es\/index.php\/wp-json\/wp\/v2\/types\/post"}],"author":[{"embeddable":true,"href":"https:\/\/dev.iesislaverde.es\/index.php\/wp-json\/wp\/v2\/users\/15"}],"replies":[{"embeddable":true,"href":"https:\/\/dev.iesislaverde.es\/index.php\/wp-json\/wp\/v2\/comments?post=3006"}],"version-history":[{"count":1,"href":"https:\/\/dev.iesislaverde.es\/index.php\/wp-json\/wp\/v2\/posts\/3006\/revisions"}],"predecessor-version":[{"id":3008,"href":"https:\/\/dev.iesislaverde.es\/index.php\/wp-json\/wp\/v2\/posts\/3006\/revisions\/3008"}],"wp:featuredmedia":[{"embeddable":true,"href":"https:\/\/dev.iesislaverde.es\/index.php\/wp-json\/wp\/v2\/media\/3007"}],"wp:attachment":[{"href":"https:\/\/dev.iesislaverde.es\/index.php\/wp-json\/wp\/v2\/media?parent=3006"}],"wp:term":[{"taxonomy":"category","embeddable":true,"href":"https:\/\/dev.iesislaverde.es\/index.php\/wp-json\/wp\/v2\/categories?post=3006"},{"taxonomy":"post_tag","embeddable":true,"href":"https:\/\/dev.iesislaverde.es\/index.php\/wp-json\/wp\/v2\/tags?post=3006"}],"curies":[{"name":"wp","href":"https:\/\/api.w.org\/{rel}","templated":true}]}}