{"id":3078,"date":"2020-05-30T23:30:08","date_gmt":"2020-05-30T23:30:08","guid":{"rendered":"https:\/\/www.iesislaverde.es\/?p=3078"},"modified":"2021-01-30T23:47:32","modified_gmt":"2021-01-30T23:47:32","slug":"una-alumna-del-ies-isla-verde-despierta-el-interes-de-medios-alemanes","status":"publish","type":"post","link":"https:\/\/dev.iesislaverde.es\/index.php\/2020\/05\/30\/una-alumna-del-ies-isla-verde-despierta-el-interes-de-medios-alemanes\/","title":{"rendered":"Erasmus+: Una alumna del IES Isla Verde despierta el inter\u00e9s de medios alemanes"},"content":{"rendered":"<p><img loading=\"lazy\" decoding=\"async\" class=\"size-medium wp-image-3079 alignleft\" src=\"https:\/\/dev.iesislaverde.es\/wp-content\/uploads\/2021\/01\/61236877_2300537903607092_6608865494902505472_o-300x165.jpg\" alt=\"\" width=\"300\" height=\"165\" srcset=\"https:\/\/dev.iesislaverde.es\/wp-content\/uploads\/2021\/01\/61236877_2300537903607092_6608865494902505472_o-300x165.jpg 300w, https:\/\/dev.iesislaverde.es\/wp-content\/uploads\/2021\/01\/61236877_2300537903607092_6608865494902505472_o-1024x562.jpg 1024w, https:\/\/dev.iesislaverde.es\/wp-content\/uploads\/2021\/01\/61236877_2300537903607092_6608865494902505472_o-768x422.jpg 768w, https:\/\/dev.iesislaverde.es\/wp-content\/uploads\/2021\/01\/61236877_2300537903607092_6608865494902505472_o.jpg 1158w\" sizes=\"auto, (max-width: 300px) 100vw, 300px\" \/><\/p>\n<p>La alumna Cristina Galiana Barquero, estudiante del Ciclo Formativo de Formaci\u00f3n Profesional de Comercio Internacional del IES Isla Verde, est\u00e1 realizando las pr\u00e1cticas desde el pasado mes de Marzo en la f\u00e1brica de juguetes Eitech, en la peque\u00f1a localidad alemana de Pfaffschweden.<br \/>\nEn la entrevista se pone en valor la formaci\u00f3n que est\u00e1 recibiendo la alumna en la empresa, como complemento a la que ya hab\u00eda adquirido en el IES Isla Verde. En las entrevistas la empresa afirma que las pr\u00e1cticas de Cristina est\u00e1n siendo un \u00e9xito, y que consisten en la rotaci\u00f3n por distintos departamentos para que tenga una visi\u00f3n global de la actividad de esta conocida f\u00e1brica alemana que exporta sus juguetes de construcci\u00f3n a todo el mundo.<br \/>\nDurante estos tres meses Cristina cuenta con el apoyo del IES Isla Verde, a trav\u00e9s de un tutor de pr\u00e1cticas que est\u00e1 en continuo contacto con la alumna. Tambi\u00e9n cuenta con el apoyo de una agencia local alemana especializada en el seguimiento de este tipo de estancias europeas.<\/p>\n<p>Cristina comenz\u00f3 sus estudios de FP Dual de Comercio Internacional en el instituto algecire\u00f1o, alternando su paso por el instituto con la formaci\u00f3n en la multinacional Marcotran, que tiene oficina en el Puerto de Algeciras. Las pr\u00e1cticas de 3 meses dentro del programa Erasmus+ suponen el paso final antes de obtener el t\u00edtulo de T\u00e9cnico Superior en Comercio Internacional.<\/p>\n","protected":false},"excerpt":{"rendered":"<p>La alumna Cristina Galiana Barquero, estudiante del Ciclo Formativo de Formaci\u00f3n Profesional de Comercio Internacional del IES Isla Verde, est\u00e1 realizando las pr\u00e1cticas desde el pasado mes de Marzo en la f\u00e1brica de juguetes Eitech, en la peque\u00f1a localidad alemana de Pfaffschweden. En la entrevista se pone en valor la formaci\u00f3n que est\u00e1 recibiendo la [&hellip;]<\/p>\n","protected":false},"author":15,"featured_media":0,"comment_status":"closed","ping_status":"closed","sticky":false,"template":"","format":"standard","meta":{"footnotes":""},"categories":[33],"tags":[],"class_list":["post-3078","post","type-post","status-publish","format-standard","hentry","category-erasmus"],"_links":{"self":[{"href":"https:\/\/dev.iesislaverde.es\/index.php\/wp-json\/wp\/v2\/posts\/3078","targetHints":{"allow":["GET"]}}],"collection":[{"href":"https:\/\/dev.iesislaverde.es\/index.php\/wp-json\/wp\/v2\/posts"}],"about":[{"href":"https:\/\/dev.iesislaverde.es\/index.php\/wp-json\/wp\/v2\/types\/post"}],"author":[{"embeddable":true,"href":"https:\/\/dev.iesislaverde.es\/index.php\/wp-json\/wp\/v2\/users\/15"}],"replies":[{"embeddable":true,"href":"https:\/\/dev.iesislaverde.es\/index.php\/wp-json\/wp\/v2\/comments?post=3078"}],"version-history":[{"count":3,"href":"https:\/\/dev.iesislaverde.es\/index.php\/wp-json\/wp\/v2\/posts\/3078\/revisions"}],"predecessor-version":[{"id":3082,"href":"https:\/\/dev.iesislaverde.es\/index.php\/wp-json\/wp\/v2\/posts\/3078\/revisions\/3082"}],"wp:attachment":[{"href":"https:\/\/dev.iesislaverde.es\/index.php\/wp-json\/wp\/v2\/media?parent=3078"}],"wp:term":[{"taxonomy":"category","embeddable":true,"href":"https:\/\/dev.iesislaverde.es\/index.php\/wp-json\/wp\/v2\/categories?post=3078"},{"taxonomy":"post_tag","embeddable":true,"href":"https:\/\/dev.iesislaverde.es\/index.php\/wp-json\/wp\/v2\/tags?post=3078"}],"curies":[{"name":"wp","href":"https:\/\/api.w.org\/{rel}","templated":true}]}}