{"id":3083,"date":"2020-05-30T23:59:28","date_gmt":"2020-05-30T23:59:28","guid":{"rendered":"https:\/\/www.iesislaverde.es\/?p=3083"},"modified":"2021-01-31T00:08:03","modified_gmt":"2021-01-31T00:08:03","slug":"proyecto-gruen-erasmus-el-ies-isla-verde-participa-en-un-proyecto-internacional-para-buscar-la-ciudad-verde-ideal","status":"publish","type":"post","link":"https:\/\/dev.iesislaverde.es\/index.php\/2020\/05\/30\/proyecto-gruen-erasmus-el-ies-isla-verde-participa-en-un-proyecto-internacional-para-buscar-la-ciudad-verde-ideal\/","title":{"rendered":"Proyecto GRUEN-Erasmus+: El IES Isla Verde participa en un proyecto internacional para buscar la ciudad verde ideal"},"content":{"rendered":"<h2>Doce alumnos de 4\u00ba de ESO compartir\u00e1n aulas virtuales con estudiantes de la UE, Hong Kong y el sudeste de asi\u00e1tico<\/h2>\n<div class=\"mce\">Doce alumnos de 4\u00ba de ESO del IES Isla Verde han sido seleccionados para participar\u00e1 durante este curso acad\u00e9mico en el\u00a0<strong class=\"mce\">proyecto internacional GRUEN<\/strong>\u00a0(Green Urban Enviroment), que les permitir\u00e1 elaborar propuestas de mejora de la sostenibilidad en Algeciras a partir del estudio de las ciudad verdes de Europa y Asia.<\/div>\n<div class=\"mce\"><\/div>\n<div class=\"mce\">Este proyecto est\u00e1\u00a0cofinanciado por el\u00a0<strong class=\"mce\">Programa Erasmus+<\/strong>\u00a0de la Uni\u00f3n Europea y la Universidad Baptista de Hong Kong y se enmarca en la s\u00e9ptima Acci\u00f3n Europea para la sostenibilidad del medio ambiente.<\/div>\n<div class=\"mce\"><\/div>\n<div class=\"mce\">Los estudiantes utilizar\u00e1n un taller virtual online para participar en discusiones as\u00edncronas en las que compartir\u00e1n y desarrollar\u00e1n sus ideas para planificar la\u00a0<em class=\"mce\">Ciudad verde so\u00f1ada<\/em>.\u00a0Trabajando en peque\u00f1os<strong class=\"mce\">\u00a0grupos interculturales<\/strong>, cada equipo desarrollar\u00e1 su visi\u00f3n de un entorno de vida m\u00e1s sostenible y saludable que aborde los problemas del cambio clim\u00e1tico, el transporte, la vivienda y los entornos laborales.<\/div>\n<div class=\"mce\"><\/div>\n<div class=\"mce\">En una primera fase analizan los criterios de\u00a0<strong class=\"mce\">sostenibilidad<\/strong>\u00a0que rigen los distintos premios de ciudades verdes en Europa y Asia para, a continuaci\u00f3n, investigar el nivel de sostenibilidad de Algeciras y, de este modo, hacer posibles propuestas de mejora con respecto a cada criterio. Finalmente, en grupos cooperativos multinacionales elaborar\u00e1n un proyecto de ciudad sostenible ideal.\u00a0Dichos proyectos participar\u00e1n en un concurso donde ser\u00e1n valorados por un comit\u00e9 de expertos. Las ganadoras y ganadores ser\u00e1n invitadas al\u00a0<strong class=\"mce\">congreso de sostenibilidad<\/strong>\u00a0que tendr\u00e1 lugar en Hong Kong en enero.<\/div>\n<div><\/div>\n<div><a href=\"https:\/\/www.europasur.es\/algeciras\/IES-Isla-Verde-proyecto-internacional-ciudad-verde_0_1407459440.html\">https:\/\/www.europasur.es\/algeciras\/IES-Isla-Verde-proyecto-internacional-ciudad-verde_0_1407459440.html<\/a><\/div>\n<div><\/div>\n","protected":false},"excerpt":{"rendered":"<p>Doce alumnos de 4\u00ba de ESO compartir\u00e1n aulas virtuales con estudiantes de la UE, Hong Kong y el sudeste de asi\u00e1tico Doce alumnos de 4\u00ba de ESO del IES Isla Verde han sido seleccionados para participar\u00e1 durante este curso acad\u00e9mico en el\u00a0proyecto internacional GRUEN\u00a0(Green Urban Enviroment), que les permitir\u00e1 elaborar propuestas de mejora de la [&hellip;]<\/p>\n","protected":false},"author":15,"featured_media":0,"comment_status":"closed","ping_status":"closed","sticky":false,"template":"","format":"standard","meta":{"footnotes":""},"categories":[33],"tags":[],"class_list":["post-3083","post","type-post","status-publish","format-standard","hentry","category-erasmus"],"_links":{"self":[{"href":"https:\/\/dev.iesislaverde.es\/index.php\/wp-json\/wp\/v2\/posts\/3083","targetHints":{"allow":["GET"]}}],"collection":[{"href":"https:\/\/dev.iesislaverde.es\/index.php\/wp-json\/wp\/v2\/posts"}],"about":[{"href":"https:\/\/dev.iesislaverde.es\/index.php\/wp-json\/wp\/v2\/types\/post"}],"author":[{"embeddable":true,"href":"https:\/\/dev.iesislaverde.es\/index.php\/wp-json\/wp\/v2\/users\/15"}],"replies":[{"embeddable":true,"href":"https:\/\/dev.iesislaverde.es\/index.php\/wp-json\/wp\/v2\/comments?post=3083"}],"version-history":[{"count":1,"href":"https:\/\/dev.iesislaverde.es\/index.php\/wp-json\/wp\/v2\/posts\/3083\/revisions"}],"predecessor-version":[{"id":3084,"href":"https:\/\/dev.iesislaverde.es\/index.php\/wp-json\/wp\/v2\/posts\/3083\/revisions\/3084"}],"wp:attachment":[{"href":"https:\/\/dev.iesislaverde.es\/index.php\/wp-json\/wp\/v2\/media?parent=3083"}],"wp:term":[{"taxonomy":"category","embeddable":true,"href":"https:\/\/dev.iesislaverde.es\/index.php\/wp-json\/wp\/v2\/categories?post=3083"},{"taxonomy":"post_tag","embeddable":true,"href":"https:\/\/dev.iesislaverde.es\/index.php\/wp-json\/wp\/v2\/tags?post=3083"}],"curies":[{"name":"wp","href":"https:\/\/api.w.org\/{rel}","templated":true}]}}