{"id":3102,"date":"2021-01-31T16:19:21","date_gmt":"2021-01-31T16:19:21","guid":{"rendered":"https:\/\/www.iesislaverde.es\/?p=3102"},"modified":"2021-02-15T13:24:38","modified_gmt":"2021-02-15T13:24:38","slug":"proyectos-e-twinning-bridge-of-cultures","status":"publish","type":"post","link":"https:\/\/dev.iesislaverde.es\/index.php\/2021\/01\/31\/proyectos-e-twinning-bridge-of-cultures\/","title":{"rendered":"Proyectos e-Twinning: &#8220;Bridge of Cultures&#8221; y &#8220;Today or Mayday&#8221;"},"content":{"rendered":"<div class=\"kvgmc6g5 cxmmr5t8 oygrvhab hcukyx3x c1et5uql ii04i59q\">\n<div dir=\"auto\" style=\"text-align: justify;\">El alumnado de 4\u00ba de ESO\u00a0 participa en el proyecto e-Twinning \u201cBridge of Cultures\u201d, promoviendo el conocimiento cultural de otros pa\u00edses, la muestra de nuestra cultura y la comunicaci\u00f3n en ingl\u00e9s. Los pa\u00edses participantes son: Estonia, Georgia, Italia, Letonia , Polonia, Portugal, Rep\u00fablica Checa y Ruman\u00eda. Un total de 27 profesores y 151 alumnos de los diferentes pa\u00edses.<\/div>\n<\/div>\n<div class=\"o9v6fnle cxmmr5t8 oygrvhab hcukyx3x c1et5uql ii04i59q\" style=\"text-align: justify;\">\n<div dir=\"auto\">Tambi\u00e9n participamos en otro proyecto e-Twinning \u201cToday or mayday\u201d, que trata sobre el medioambiente y el cambio clim\u00e1tico promoviendo la participaci\u00f3n activa del alumnado en la sostenibilidad como \u00fanica v\u00eda de desarrollo. En \u00e9l participan las materias de ingl\u00e9s y biolog\u00eda con institutos de los siguientes pa\u00edses: Croacia, Italia, Rep\u00fablica de Moldavia y Turqu\u00eda. Participan 11 profesores y 112 alumnos de los distintos pa\u00edses.<\/div>\n<\/div>\n<div class=\"o9v6fnle cxmmr5t8 oygrvhab hcukyx3x c1et5uql ii04i59q\">\n<div dir=\"auto\" style=\"text-align: justify;\">Debido a la pandemia, aunque no podemos viajar, los proyectos e-Twinning nos permiten realizar la inmersi\u00f3n ling\u00fc\u00edstica de nuestro alumnado en el aula y a trav\u00e9s de los medios digitales. Toda una oportunidad que tenemos que aprovechar gracias a la colaboraci\u00f3n del profesorado que participa en los proyectos de internacionalizaci\u00f3n de nuestro centro por los que apostamos como objetivo prioritario.<\/div>\n<div dir=\"auto\" style=\"text-align: justify;\">En breve inauguraremos nuestro blog donde tendr\u00e9is la oportunidad de ir viendo todo el desarrollo de nuestros proyectos de presente y de futuro.<\/div>\n<div dir=\"auto\"><a class=\"oajrlxb2 g5ia77u1 qu0x051f esr5mh6w e9989ue4 r7d6kgcz rq0escxv nhd2j8a9 nc684nl6 p7hjln8o kvgmc6g5 cxmmr5t8 oygrvhab hcukyx3x jb3vyjys rz4wbd8a qt6c0cv9 a8nywdso i1ao9s8h esuyzwwr f1sip0of lzcic4wl py34i1dx gpro0wi8\" tabindex=\"0\" role=\"link\" href=\"https:\/\/l.facebook.com\/l.php?u=https%3A%2F%2Ftodayormayday.wordpress.com%2F%3Ffbclid%3DIwAR1JrIOP1ZuEt1-3OyAdd_gXH--0qEmKjA1yPYd0g8xNM5EVp3RLnIHmEgM&amp;h=AT0rk3necz2oMedroSt1_IGcEnpeAqUXDsW0FxoonaCpGRBk1WpzjnDuk1CJc11GYlEmHBBgATx0s0t-rgcVBIl4umqDAHFmG7onbAG4xl_Ge0FuLJt8cN8q_DOnkF00fw&amp;__tn__=-UK-R&amp;c[0]=AT1R8JZkmdVbYunbvyZN90TwYk875p0O77VI8b9g-FNBtuF5Ny02FVfsMyBEj_LIHuHPLAvq2oViXJ_pobPf-LbpuwQDuF8LIdd9kuSPGF0B1nCLkKFAxPj6M2YUMD6sVx2JMf0h0XV76vDaA9ZPfhvV1CaPpwbUt8Ym6gwpocgUKRiwujBUNnFGT9tLLzTm6Lutjl4r\" target=\"_blank\" rel=\"nofollow noopener\">https:\/\/todayormayday.wordpress.com\/<\/a><\/div>\n<\/div>\n<div dir=\"auto\"><img loading=\"lazy\" decoding=\"async\" class=\"size-medium wp-image-3197 aligncenter\" src=\"https:\/\/dev.iesislaverde.es\/wp-content\/uploads\/2021\/01\/149984585_2837656473228563_7699601355241186831_n-169x300.jpg\" alt=\"\" width=\"169\" height=\"300\" srcset=\"https:\/\/dev.iesislaverde.es\/wp-content\/uploads\/2021\/01\/149984585_2837656473228563_7699601355241186831_n-169x300.jpg 169w, https:\/\/dev.iesislaverde.es\/wp-content\/uploads\/2021\/01\/149984585_2837656473228563_7699601355241186831_n.jpg 540w\" sizes=\"auto, (max-width: 169px) 100vw, 169px\" \/><\/div>\n","protected":false},"excerpt":{"rendered":"<p>El alumnado de 4\u00ba de ESO\u00a0 participa en el proyecto e-Twinning \u201cBridge of Cultures\u201d, promoviendo el conocimiento cultural de otros pa\u00edses, la muestra de nuestra cultura y la comunicaci\u00f3n en ingl\u00e9s. Los pa\u00edses participantes son: Estonia, Georgia, Italia, Letonia , Polonia, Portugal, Rep\u00fablica Checa y Ruman\u00eda. Un total de 27 profesores y 151 alumnos de [&hellip;]<\/p>\n","protected":false},"author":15,"featured_media":3108,"comment_status":"closed","ping_status":"closed","sticky":false,"template":"","format":"standard","meta":{"footnotes":""},"categories":[33],"tags":[34],"class_list":["post-3102","post","type-post","status-publish","format-standard","has-post-thumbnail","hentry","category-erasmus","tag-erasmus"],"_links":{"self":[{"href":"https:\/\/dev.iesislaverde.es\/index.php\/wp-json\/wp\/v2\/posts\/3102","targetHints":{"allow":["GET"]}}],"collection":[{"href":"https:\/\/dev.iesislaverde.es\/index.php\/wp-json\/wp\/v2\/posts"}],"about":[{"href":"https:\/\/dev.iesislaverde.es\/index.php\/wp-json\/wp\/v2\/types\/post"}],"author":[{"embeddable":true,"href":"https:\/\/dev.iesislaverde.es\/index.php\/wp-json\/wp\/v2\/users\/15"}],"replies":[{"embeddable":true,"href":"https:\/\/dev.iesislaverde.es\/index.php\/wp-json\/wp\/v2\/comments?post=3102"}],"version-history":[{"count":3,"href":"https:\/\/dev.iesislaverde.es\/index.php\/wp-json\/wp\/v2\/posts\/3102\/revisions"}],"predecessor-version":[{"id":3198,"href":"https:\/\/dev.iesislaverde.es\/index.php\/wp-json\/wp\/v2\/posts\/3102\/revisions\/3198"}],"wp:featuredmedia":[{"embeddable":true,"href":"https:\/\/dev.iesislaverde.es\/index.php\/wp-json\/wp\/v2\/media\/3108"}],"wp:attachment":[{"href":"https:\/\/dev.iesislaverde.es\/index.php\/wp-json\/wp\/v2\/media?parent=3102"}],"wp:term":[{"taxonomy":"category","embeddable":true,"href":"https:\/\/dev.iesislaverde.es\/index.php\/wp-json\/wp\/v2\/categories?post=3102"},{"taxonomy":"post_tag","embeddable":true,"href":"https:\/\/dev.iesislaverde.es\/index.php\/wp-json\/wp\/v2\/tags?post=3102"}],"curies":[{"name":"wp","href":"https:\/\/api.w.org\/{rel}","templated":true}]}}