{"id":3114,"date":"2020-05-30T23:59:22","date_gmt":"2020-05-30T23:59:22","guid":{"rendered":"https:\/\/www.iesislaverde.es\/?p=3114"},"modified":"2021-01-31T17:58:07","modified_gmt":"2021-01-31T17:58:07","slug":"beca-intercambio-lycee-rene-decartes-renes-ies-isla-verde","status":"publish","type":"post","link":"https:\/\/dev.iesislaverde.es\/index.php\/2020\/05\/30\/beca-intercambio-lycee-rene-decartes-renes-ies-isla-verde\/","title":{"rendered":"Beca Intercambio Lyce\u00e9 Ren\u00e9 Decartes (Renes)- IES Isla Verde."},"content":{"rendered":"<p>Nuestro grupo de intercambio escolar becado por la Consejer\u00eda de Educaci\u00f3n de la Junta de Andaluc\u00eda realiz\u00f3 en noviembre de 2019, por segundo a\u00f1o consecutivo,\u00a0 un programa de intercambio con el Lyce\u00e9 Ren\u00e9 Descartes de Rennes. Durante una semana nuestros alumnos y alumnas de 1\u00baBachillerato convivieron con las familias francesas y visitaron diferentes ciudades de la Breta\u00f1a. Posteriormente, dentro del proyecto de intercambio, el alumnado franc\u00e9s nos visit\u00f3 en el mes de diciembre visitando la comarca y la provincia de C\u00e1diz empap\u00e1ndose de la cultura de nuestra zona.<\/p>\n<p><a href=\"https:\/\/dev.iesislaverde.es\/wp-content\/uploads\/2021\/01\/75543714_2439579493036265_8149622391719329792_n.jpg\"> <img loading=\"lazy\" decoding=\"async\" class=\"alignnone size-medium wp-image-3115\" src=\"https:\/\/dev.iesislaverde.es\/wp-content\/uploads\/2021\/01\/75543714_2439579493036265_8149622391719329792_n-300x225.jpg\" alt=\"\" width=\"300\" height=\"225\" srcset=\"https:\/\/dev.iesislaverde.es\/wp-content\/uploads\/2021\/01\/75543714_2439579493036265_8149622391719329792_n-300x225.jpg 300w, https:\/\/dev.iesislaverde.es\/wp-content\/uploads\/2021\/01\/75543714_2439579493036265_8149622391719329792_n.jpg 768w\" sizes=\"auto, (max-width: 300px) 100vw, 300px\" \/><\/a><a href=\"https:\/\/dev.iesislaverde.es\/wp-content\/uploads\/2021\/01\/75543714_2439579493036265_8149622391719329792_n.jpg\"><img loading=\"lazy\" decoding=\"async\" class=\"alignnone wp-image-3116 size-medium\" src=\"https:\/\/dev.iesislaverde.es\/wp-content\/uploads\/2021\/01\/73095274_2439579159702965_656409631488212992_o-300x225.jpg\" alt=\"\" width=\"300\" height=\"225\" srcset=\"https:\/\/dev.iesislaverde.es\/wp-content\/uploads\/2021\/01\/73095274_2439579159702965_656409631488212992_o-300x225.jpg 300w, https:\/\/dev.iesislaverde.es\/wp-content\/uploads\/2021\/01\/73095274_2439579159702965_656409631488212992_o-768x576.jpg 768w, https:\/\/dev.iesislaverde.es\/wp-content\/uploads\/2021\/01\/73095274_2439579159702965_656409631488212992_o.jpg 960w\" sizes=\"auto, (max-width: 300px) 100vw, 300px\" \/><\/a><\/p>\n","protected":false},"excerpt":{"rendered":"<p>Nuestro grupo de intercambio escolar becado por la Consejer\u00eda de Educaci\u00f3n de la Junta de Andaluc\u00eda realiz\u00f3 en noviembre de 2019, por segundo a\u00f1o consecutivo,\u00a0 un programa de intercambio con el Lyce\u00e9 Ren\u00e9 Descartes de Rennes. Durante una semana nuestros alumnos y alumnas de 1\u00baBachillerato convivieron con las familias francesas y visitaron diferentes ciudades de [&hellip;]<\/p>\n","protected":false},"author":15,"featured_media":0,"comment_status":"closed","ping_status":"closed","sticky":false,"template":"","format":"standard","meta":{"footnotes":""},"categories":[33],"tags":[],"class_list":["post-3114","post","type-post","status-publish","format-standard","hentry","category-erasmus"],"_links":{"self":[{"href":"https:\/\/dev.iesislaverde.es\/index.php\/wp-json\/wp\/v2\/posts\/3114","targetHints":{"allow":["GET"]}}],"collection":[{"href":"https:\/\/dev.iesislaverde.es\/index.php\/wp-json\/wp\/v2\/posts"}],"about":[{"href":"https:\/\/dev.iesislaverde.es\/index.php\/wp-json\/wp\/v2\/types\/post"}],"author":[{"embeddable":true,"href":"https:\/\/dev.iesislaverde.es\/index.php\/wp-json\/wp\/v2\/users\/15"}],"replies":[{"embeddable":true,"href":"https:\/\/dev.iesislaverde.es\/index.php\/wp-json\/wp\/v2\/comments?post=3114"}],"version-history":[{"count":4,"href":"https:\/\/dev.iesislaverde.es\/index.php\/wp-json\/wp\/v2\/posts\/3114\/revisions"}],"predecessor-version":[{"id":3120,"href":"https:\/\/dev.iesislaverde.es\/index.php\/wp-json\/wp\/v2\/posts\/3114\/revisions\/3120"}],"wp:attachment":[{"href":"https:\/\/dev.iesislaverde.es\/index.php\/wp-json\/wp\/v2\/media?parent=3114"}],"wp:term":[{"taxonomy":"category","embeddable":true,"href":"https:\/\/dev.iesislaverde.es\/index.php\/wp-json\/wp\/v2\/categories?post=3114"},{"taxonomy":"post_tag","embeddable":true,"href":"https:\/\/dev.iesislaverde.es\/index.php\/wp-json\/wp\/v2\/tags?post=3114"}],"curies":[{"name":"wp","href":"https:\/\/api.w.org\/{rel}","templated":true}]}}