{"id":3121,"date":"2020-06-01T17:53:41","date_gmt":"2020-06-01T17:53:41","guid":{"rendered":"https:\/\/www.iesislaverde.es\/?p=3121"},"modified":"2021-01-31T20:13:50","modified_gmt":"2021-01-31T20:13:50","slug":"el-ies-isla-verde-de-algeciras-logra-seis-premios-en-la-conferencia-internacional-de-ciudades-sostenibles","status":"publish","type":"post","link":"https:\/\/dev.iesislaverde.es\/index.php\/2020\/06\/01\/el-ies-isla-verde-de-algeciras-logra-seis-premios-en-la-conferencia-internacional-de-ciudades-sostenibles\/","title":{"rendered":"El IES Isla Verde de Algeciras logra seis premios en la Conferencia Internacional de Ciudades Sostenibles"},"content":{"rendered":"<p><strong class=\"mce\"><img loading=\"lazy\" decoding=\"async\" class=\"alignnone size-medium wp-image-3122\" src=\"https:\/\/dev.iesislaverde.es\/wp-content\/uploads\/2021\/01\/representaron-IES-Isla-Verde-Gruen_1500760129_125586628_667x375-300x169.jpg\" alt=\"\" width=\"300\" height=\"169\" srcset=\"https:\/\/dev.iesislaverde.es\/wp-content\/uploads\/2021\/01\/representaron-IES-Isla-Verde-Gruen_1500760129_125586628_667x375-300x169.jpg 300w, https:\/\/dev.iesislaverde.es\/wp-content\/uploads\/2021\/01\/representaron-IES-Isla-Verde-Gruen_1500760129_125586628_667x375.jpg 667w\" sizes=\"auto, (max-width: 300px) 100vw, 300px\" \/><\/strong><\/p>\n<p style=\"text-align: justify;\">El\u00a0<strong class=\"mce\">Instituto de Ense\u00f1anza Secundaria Isla Verde<\/strong>\u00a0de\u00a0<a class=\"mce\" href=\"https:\/\/www.europasur.es\/algeciras\/\">Alge<\/a><a class=\"mce\" href=\"https:\/\/www.europasur.es\/algeciras\/\">ci<\/a><a class=\"mce\" href=\"https:\/\/www.europasur.es\/algeciras\/\">ras <\/a>se ha hecho acreedor de <strong class=\"mce\">seis\u00a0premios en la Conferencia Internacional Virtual del proyecto\u00a0<\/strong><strong class=\"mce\">Gruen<\/strong> (Green Urban Enviroment)- Erasmus+ que se iba a celebrar en<strong class=\"mce\">\u00a0Hong Kong el pasado mes de febrero,<\/strong>\u00a0que se aplaz\u00f3 como consecuencia de la crisis sanitaria generada por el<a class=\"mce\" href=\"https:\/\/www.europasur.es\/campo-de-gibraltar\/campo-gibraltar-contagios-coronavirus_0_1500450152.html\">\u00a0Covid-19 (coronavirus)<\/a>\u00a0y que se ha celebrado entre los d\u00edas 10 y 12 del presente mes de manera virtual<\/p>\n<p class=\"mce\" style=\"text-align: justify;\"><strong class=\"mce\">Primer ciclo<\/strong><\/p>\n<p class=\"mce\" style=\"text-align: justify;\"><strong class=\"mce\">Anabel Ayll\u00f3n y Carmen Mar\u00edn:<\/strong>\u00a0primer premio de la Audiencia y pr<\/p>\n<p class=\"mce\" style=\"text-align: justify;\">imer premio Gruen al proyecto del grupo.<\/p>\n<p class=\"mce\" style=\"text-align: justify;\"><strong class=\"mce\">Irene Fern\u00e1ndez e Iv\u00e1n Mayayo<\/strong>: primer premio por su originalidad al proyecto de grupo.<\/p>\n<p class=\"mce\" style=\"text-align: justify;\"><strong class=\"mce\">Paula Campos y Marta Corsino:<\/strong>\u00a0tercer p<\/p>\n<p class=\"mce\" style=\"text-align: justify;\">remio Gruen Ciclo 1 al proyecto de grupo.<\/p>\n<p class=\"mce\" style=\"text-align: justify;\">Segundo ciclo:<\/p>\n<p class=\"mce\" style=\"text-align: justify;\"><strong class=\"mce\">Marta Iglesias:<\/strong>\u00a0primer premio de la audiencia al proyecto de grupo.<\/p>\n<p class=\"mce\" style=\"text-align: justify;\"><strong class=\"mce\">Mar\u00eda Jes\u00fas P\u00e1ramo,<\/strong>\u00a0premio como profesora Gruen, en su calidad de representante del mismo en el IES Isla Verde.<\/p>\n<p class=\"mce\" style=\"text-align: justify;\">El \u00a0proyecto Gruen (<strong class=\"mce\">Ambientes Urbanos Verdes<\/strong>) es un desaf\u00edo educativo para que los estudiantes de secundaria construyan su propio futuro urbano sostenible. Las escuela<\/p>\n<p style=\"text-align: justify;\">s de Hong Kong y del sudeste asi\u00e1tico interact\u00faan con escuelas asociadas de la Uni\u00f3n Europea para de<\/p>\n<p style=\"text-align: justify;\">sarrollar sus conceptos de un entorno urbano verde,<strong class=\"mce\">\u00a0que tiene la internacionalizaci\u00f3n como eje central.<\/strong><\/p>\n<p class=\"mce\" style=\"text-align: justify;\">En el marco de Gruen, los estudiantes utilizan un taller\u00a0<em class=\"mce\">Moodle<\/em>\u00a0en l\u00ednea especialmente dise\u00f1ado para participar en debates asincr\u00f3nicos en l\u00ednea y compartir sus perspectivas, intercambiar ideas y desarrollar sus conceptos para un entorno urbano verde,<strong class=\"mce\">\u00a0al tiempo que se familiarizan con los principios clave de la sostenibilidad<\/strong><\/p>\n<p style=\"text-align: justify;\">\n","protected":false},"excerpt":{"rendered":"<p>El\u00a0Instituto de Ense\u00f1anza Secundaria Isla Verde\u00a0de\u00a0Algeciras se ha hecho acreedor de seis\u00a0premios en la Conferencia Internacional Virtual del proyecto\u00a0Gruen (Green Urban Enviroment)- Erasmus+ que se iba a celebrar en\u00a0Hong Kong el pasado mes de febrero,\u00a0que se aplaz\u00f3 como consecuencia de la crisis sanitaria generada por el\u00a0Covid-19 (coronavirus)\u00a0y que se ha celebrado entre los d\u00edas 10 [&hellip;]<\/p>\n","protected":false},"author":15,"featured_media":0,"comment_status":"closed","ping_status":"closed","sticky":false,"template":"","format":"standard","meta":{"footnotes":""},"categories":[33],"tags":[],"class_list":["post-3121","post","type-post","status-publish","format-standard","hentry","category-erasmus"],"_links":{"self":[{"href":"https:\/\/dev.iesislaverde.es\/index.php\/wp-json\/wp\/v2\/posts\/3121","targetHints":{"allow":["GET"]}}],"collection":[{"href":"https:\/\/dev.iesislaverde.es\/index.php\/wp-json\/wp\/v2\/posts"}],"about":[{"href":"https:\/\/dev.iesislaverde.es\/index.php\/wp-json\/wp\/v2\/types\/post"}],"author":[{"embeddable":true,"href":"https:\/\/dev.iesislaverde.es\/index.php\/wp-json\/wp\/v2\/users\/15"}],"replies":[{"embeddable":true,"href":"https:\/\/dev.iesislaverde.es\/index.php\/wp-json\/wp\/v2\/comments?post=3121"}],"version-history":[{"count":2,"href":"https:\/\/dev.iesislaverde.es\/index.php\/wp-json\/wp\/v2\/posts\/3121\/revisions"}],"predecessor-version":[{"id":3133,"href":"https:\/\/dev.iesislaverde.es\/index.php\/wp-json\/wp\/v2\/posts\/3121\/revisions\/3133"}],"wp:attachment":[{"href":"https:\/\/dev.iesislaverde.es\/index.php\/wp-json\/wp\/v2\/media?parent=3121"}],"wp:term":[{"taxonomy":"category","embeddable":true,"href":"https:\/\/dev.iesislaverde.es\/index.php\/wp-json\/wp\/v2\/categories?post=3121"},{"taxonomy":"post_tag","embeddable":true,"href":"https:\/\/dev.iesislaverde.es\/index.php\/wp-json\/wp\/v2\/tags?post=3121"}],"curies":[{"name":"wp","href":"https:\/\/api.w.org\/{rel}","templated":true}]}}