{"id":3146,"date":"2021-02-03T23:18:49","date_gmt":"2021-02-03T23:18:49","guid":{"rendered":"https:\/\/www.iesislaverde.es\/?p=3146"},"modified":"2021-02-03T23:32:15","modified_gmt":"2021-02-03T23:32:15","slug":"encuesta-seleccion-del-logo-del-proyecto-e-twinning","status":"publish","type":"post","link":"https:\/\/dev.iesislaverde.es\/index.php\/2021\/02\/03\/encuesta-seleccion-del-logo-del-proyecto-e-twinning\/","title":{"rendered":"Encuesta selecci\u00f3n del logo del proyecto e-Twinning"},"content":{"rendered":"\n\t\t<style type=\"text\/css\">\n\t\t\t#gallery-1 {\n\t\t\t\tmargin: auto;\n\t\t\t}\n\t\t\t#gallery-1 .gallery-item {\n\t\t\t\tfloat: left;\n\t\t\t\tmargin-top: 10px;\n\t\t\t\ttext-align: center;\n\t\t\t\twidth: 33%;\n\t\t\t}\n\t\t\t#gallery-1 img {\n\t\t\t\tborder: 2px solid #cfcfcf;\n\t\t\t}\n\t\t\t#gallery-1 .gallery-caption {\n\t\t\t\tmargin-left: 0;\n\t\t\t}\n\t\t\t\/* see gallery_shortcode() in wp-includes\/media.php *\/\n\t\t<\/style>\n\t\t<div id='gallery-1' class='gallery galleryid-3146 gallery-columns-3 gallery-size-thumbnail'><dl class='gallery-item'>\n\t\t\t<dt class='gallery-icon landscape'>\n\t\t\t\t<a href='https:\/\/dev.iesislaverde.es\/index.php\/encuesta-seleccion-logo-proyecto-etwinning\/group-1-min-1-1\/'><img loading=\"lazy\" decoding=\"async\" width=\"150\" height=\"150\" src=\"https:\/\/dev.iesislaverde.es\/wp-content\/uploads\/2021\/02\/Group-1-min-1-1-150x150.png\" class=\"attachment-thumbnail size-thumbnail\" alt=\"\" aria-describedby=\"gallery-1-3140\" \/><\/a>\n\t\t\t<\/dt>\n\t\t\t\t<dd class='wp-caption-text gallery-caption' id='gallery-1-3140'>\n\t\t\t\tLogo grupo 1\n\t\t\t\t<\/dd><\/dl><dl class='gallery-item'>\n\t\t\t<dt class='gallery-icon landscape'>\n\t\t\t\t<a href='https:\/\/dev.iesislaverde.es\/index.php\/encuesta-seleccion-logo-proyecto-etwinning\/group2\/'><img loading=\"lazy\" decoding=\"async\" width=\"150\" height=\"150\" src=\"https:\/\/dev.iesislaverde.es\/wp-content\/uploads\/2021\/02\/group2-150x150.jpg\" class=\"attachment-thumbnail size-thumbnail\" alt=\"\" aria-describedby=\"gallery-1-3141\" srcset=\"https:\/\/dev.iesislaverde.es\/wp-content\/uploads\/2021\/02\/group2-150x150.jpg 150w, https:\/\/dev.iesislaverde.es\/wp-content\/uploads\/2021\/02\/group2-300x300.jpg 300w, https:\/\/dev.iesislaverde.es\/wp-content\/uploads\/2021\/02\/group2-1024x1024.jpg 1024w, https:\/\/dev.iesislaverde.es\/wp-content\/uploads\/2021\/02\/group2-768x768.jpg 768w, https:\/\/dev.iesislaverde.es\/wp-content\/uploads\/2021\/02\/group2-1536x1536.jpg 1536w, https:\/\/dev.iesislaverde.es\/wp-content\/uploads\/2021\/02\/group2-2048x2048.jpg 2048w\" sizes=\"auto, (max-width: 150px) 100vw, 150px\" \/><\/a>\n\t\t\t<\/dt>\n\t\t\t\t<dd class='wp-caption-text gallery-caption' id='gallery-1-3141'>\n\t\t\t\tLogo grupo 2\n\t\t\t\t<\/dd><\/dl><dl class='gallery-item'>\n\t\t\t<dt class='gallery-icon landscape'>\n\t\t\t\t<a href='https:\/\/dev.iesislaverde.es\/index.php\/encuesta-seleccion-logo-proyecto-etwinning\/group3\/'><img loading=\"lazy\" decoding=\"async\" width=\"150\" height=\"150\" src=\"https:\/\/dev.iesislaverde.es\/wp-content\/uploads\/2021\/02\/group3-150x150.png\" class=\"attachment-thumbnail size-thumbnail\" alt=\"\" aria-describedby=\"gallery-1-3138\" \/><\/a>\n\t\t\t<\/dt>\n\t\t\t\t<dd class='wp-caption-text gallery-caption' id='gallery-1-3138'>\n\t\t\t\tLogo grupo 3\n\t\t\t\t<\/dd><\/dl><br style=\"clear: both\" \/><dl class='gallery-item'>\n\t\t\t<dt class='gallery-icon landscape'>\n\t\t\t\t<a href='https:\/\/dev.iesislaverde.es\/index.php\/encuesta-seleccion-logo-proyecto-etwinning\/group-4_page-0001\/'><img loading=\"lazy\" decoding=\"async\" width=\"150\" height=\"150\" src=\"https:\/\/dev.iesislaverde.es\/wp-content\/uploads\/2021\/02\/Group-4_page-0001-150x150.jpg\" class=\"attachment-thumbnail size-thumbnail\" alt=\"\" aria-describedby=\"gallery-1-3142\" \/><\/a>\n\t\t\t<\/dt>\n\t\t\t\t<dd class='wp-caption-text gallery-caption' id='gallery-1-3142'>\n\t\t\t\tLogo grupo 4\n\t\t\t\t<\/dd><\/dl><dl class='gallery-item'>\n\t\t\t<dt class='gallery-icon landscape'>\n\t\t\t\t<a href='https:\/\/dev.iesislaverde.es\/index.php\/encuesta-seleccion-logo-proyecto-etwinning\/group5\/'><img loading=\"lazy\" decoding=\"async\" width=\"150\" height=\"150\" src=\"https:\/\/dev.iesislaverde.es\/wp-content\/uploads\/2021\/02\/group5-150x150.jpg\" class=\"attachment-thumbnail size-thumbnail\" alt=\"\" aria-describedby=\"gallery-1-3139\" srcset=\"https:\/\/dev.iesislaverde.es\/wp-content\/uploads\/2021\/02\/group5-150x150.jpg 150w, https:\/\/dev.iesislaverde.es\/wp-content\/uploads\/2021\/02\/group5-300x300.jpg 300w, https:\/\/dev.iesislaverde.es\/wp-content\/uploads\/2021\/02\/group5.jpg 720w\" sizes=\"auto, (max-width: 150px) 100vw, 150px\" \/><\/a>\n\t\t\t<\/dt>\n\t\t\t\t<dd class='wp-caption-text gallery-caption' id='gallery-1-3139'>\n\t\t\t\tLogo grupo 5\n\t\t\t\t<\/dd><\/dl>\n\t\t\t<br style='clear: both' \/>\n\t\t<\/div>\n\n<p>Vota por el logo que m\u00e1s te guste para representar nuestro proyecto sobre sostenibilidad y cambio clim\u00e1tico<span id=\"i6\" class=\"freebirdFormviewerComponentsQuestionBaseRequiredAsterisk\" aria-label=\"Pregunta obligatoria\"> &#8220;Today or Mayday&#8221;<\/span><\/p>\n<p>Acceso al formulario de votaci\u00f3n: <a href=\"http:\/\/votacioneslogo.iesislaverde.es\/\">http:\/\/votacioneslogo.iesislaverde.es\/<\/a><\/p>\n","protected":false},"excerpt":{"rendered":"<p>Vota por el logo que m\u00e1s te guste para representar nuestro proyecto sobre sostenibilidad y cambio clim\u00e1tico &#8220;Today or Mayday&#8221; Acceso al formulario de votaci\u00f3n: http:\/\/votacioneslogo.iesislaverde.es\/<\/p>\n","protected":false},"author":15,"featured_media":3112,"comment_status":"closed","ping_status":"closed","sticky":false,"template":"","format":"standard","meta":{"footnotes":""},"categories":[33],"tags":[],"class_list":["post-3146","post","type-post","status-publish","format-standard","has-post-thumbnail","hentry","category-erasmus"],"_links":{"self":[{"href":"https:\/\/dev.iesislaverde.es\/index.php\/wp-json\/wp\/v2\/posts\/3146","targetHints":{"allow":["GET"]}}],"collection":[{"href":"https:\/\/dev.iesislaverde.es\/index.php\/wp-json\/wp\/v2\/posts"}],"about":[{"href":"https:\/\/dev.iesislaverde.es\/index.php\/wp-json\/wp\/v2\/types\/post"}],"author":[{"embeddable":true,"href":"https:\/\/dev.iesislaverde.es\/index.php\/wp-json\/wp\/v2\/users\/15"}],"replies":[{"embeddable":true,"href":"https:\/\/dev.iesislaverde.es\/index.php\/wp-json\/wp\/v2\/comments?post=3146"}],"version-history":[{"count":1,"href":"https:\/\/dev.iesislaverde.es\/index.php\/wp-json\/wp\/v2\/posts\/3146\/revisions"}],"predecessor-version":[{"id":3147,"href":"https:\/\/dev.iesislaverde.es\/index.php\/wp-json\/wp\/v2\/posts\/3146\/revisions\/3147"}],"wp:featuredmedia":[{"embeddable":true,"href":"https:\/\/dev.iesislaverde.es\/index.php\/wp-json\/wp\/v2\/media\/3112"}],"wp:attachment":[{"href":"https:\/\/dev.iesislaverde.es\/index.php\/wp-json\/wp\/v2\/media?parent=3146"}],"wp:term":[{"taxonomy":"category","embeddable":true,"href":"https:\/\/dev.iesislaverde.es\/index.php\/wp-json\/wp\/v2\/categories?post=3146"},{"taxonomy":"post_tag","embeddable":true,"href":"https:\/\/dev.iesislaverde.es\/index.php\/wp-json\/wp\/v2\/tags?post=3146"}],"curies":[{"name":"wp","href":"https:\/\/api.w.org\/{rel}","templated":true}]}}