{"id":3152,"date":"2020-08-04T19:56:21","date_gmt":"2020-08-04T19:56:21","guid":{"rendered":"https:\/\/www.iesislaverde.es\/?p=3152"},"modified":"2021-02-04T20:00:38","modified_gmt":"2021-02-04T20:00:38","slug":"videoconferencia-accion-erasmus-k120","status":"publish","type":"post","link":"https:\/\/dev.iesislaverde.es\/index.php\/2020\/08\/04\/videoconferencia-accion-erasmus-k120\/","title":{"rendered":"Videoconferencia acci\u00f3n Erasmus k120"},"content":{"rendered":"<p>El profesorado del Grupo de Trabajo de Erasmus+ e Internacionalizaci\u00f3n IES Isla Verde se reuni\u00f3 de nuevo ayer 3 de febrero para recoger las propuestas para la elaboraci\u00f3n de la solicitud de Acreditaci\u00f3n K120 para nuestro centro. Trabajo en equipo que deseamos llegue a buen puerto y consiga resultados positivos en nuestro objetivo de Internacionalizaci\u00f3n 2021-2026<\/p>\n<p>&nbsp;<\/p>\n","protected":false},"excerpt":{"rendered":"<p>El profesorado del Grupo de Trabajo de Erasmus+ e Internacionalizaci\u00f3n IES Isla Verde se reuni\u00f3 de nuevo ayer 3 de febrero para recoger las propuestas para la elaboraci\u00f3n de la solicitud de Acreditaci\u00f3n K120 para nuestro centro. Trabajo en equipo que deseamos llegue a buen puerto y consiga resultados positivos en nuestro objetivo de Internacionalizaci\u00f3n [&hellip;]<\/p>\n","protected":false},"author":15,"featured_media":3153,"comment_status":"closed","ping_status":"closed","sticky":false,"template":"","format":"standard","meta":{"footnotes":""},"categories":[33],"tags":[],"class_list":["post-3152","post","type-post","status-publish","format-standard","has-post-thumbnail","hentry","category-erasmus"],"_links":{"self":[{"href":"https:\/\/dev.iesislaverde.es\/index.php\/wp-json\/wp\/v2\/posts\/3152","targetHints":{"allow":["GET"]}}],"collection":[{"href":"https:\/\/dev.iesislaverde.es\/index.php\/wp-json\/wp\/v2\/posts"}],"about":[{"href":"https:\/\/dev.iesislaverde.es\/index.php\/wp-json\/wp\/v2\/types\/post"}],"author":[{"embeddable":true,"href":"https:\/\/dev.iesislaverde.es\/index.php\/wp-json\/wp\/v2\/users\/15"}],"replies":[{"embeddable":true,"href":"https:\/\/dev.iesislaverde.es\/index.php\/wp-json\/wp\/v2\/comments?post=3152"}],"version-history":[{"count":5,"href":"https:\/\/dev.iesislaverde.es\/index.php\/wp-json\/wp\/v2\/posts\/3152\/revisions"}],"predecessor-version":[{"id":3158,"href":"https:\/\/dev.iesislaverde.es\/index.php\/wp-json\/wp\/v2\/posts\/3152\/revisions\/3158"}],"wp:featuredmedia":[{"embeddable":true,"href":"https:\/\/dev.iesislaverde.es\/index.php\/wp-json\/wp\/v2\/media\/3153"}],"wp:attachment":[{"href":"https:\/\/dev.iesislaverde.es\/index.php\/wp-json\/wp\/v2\/media?parent=3152"}],"wp:term":[{"taxonomy":"category","embeddable":true,"href":"https:\/\/dev.iesislaverde.es\/index.php\/wp-json\/wp\/v2\/categories?post=3152"},{"taxonomy":"post_tag","embeddable":true,"href":"https:\/\/dev.iesislaverde.es\/index.php\/wp-json\/wp\/v2\/tags?post=3152"}],"curies":[{"name":"wp","href":"https:\/\/api.w.org\/{rel}","templated":true}]}}