{"id":3183,"date":"2021-02-07T08:09:07","date_gmt":"2021-02-07T08:09:07","guid":{"rendered":"https:\/\/www.iesislaverde.es\/?p=3183"},"modified":"2021-02-07T08:13:45","modified_gmt":"2021-02-07T08:13:45","slug":"preseleccion-del-logo-del-proyecto-e-twinning","status":"publish","type":"post","link":"https:\/\/dev.iesislaverde.es\/index.php\/2021\/02\/07\/preseleccion-del-logo-del-proyecto-e-twinning\/","title":{"rendered":"Preselecci\u00f3n del logo del proyecto e-Twinning"},"content":{"rendered":"\n\t\t<style type=\"text\/css\">\n\t\t\t#gallery-1 {\n\t\t\t\tmargin: auto;\n\t\t\t}\n\t\t\t#gallery-1 .gallery-item {\n\t\t\t\tfloat: left;\n\t\t\t\tmargin-top: 10px;\n\t\t\t\ttext-align: center;\n\t\t\t\twidth: 33%;\n\t\t\t}\n\t\t\t#gallery-1 img {\n\t\t\t\tborder: 2px solid #cfcfcf;\n\t\t\t}\n\t\t\t#gallery-1 .gallery-caption {\n\t\t\t\tmargin-left: 0;\n\t\t\t}\n\t\t\t\/* see gallery_shortcode() in wp-includes\/media.php *\/\n\t\t<\/style>\n\t\t<div id='gallery-1' class='gallery galleryid-3183 gallery-columns-3 gallery-size-thumbnail'><dl class='gallery-item'>\n\t\t\t<dt class='gallery-icon landscape'>\n\t\t\t\t<a href='https:\/\/dev.iesislaverde.es\/index.php\/encuesta-seleccion-logo-proyecto-etwinning\/group2\/'><img loading=\"lazy\" decoding=\"async\" width=\"150\" height=\"150\" src=\"https:\/\/dev.iesislaverde.es\/wp-content\/uploads\/2021\/02\/group2-150x150.jpg\" class=\"attachment-thumbnail size-thumbnail\" alt=\"\" aria-describedby=\"gallery-1-3141\" srcset=\"https:\/\/dev.iesislaverde.es\/wp-content\/uploads\/2021\/02\/group2-150x150.jpg 150w, https:\/\/dev.iesislaverde.es\/wp-content\/uploads\/2021\/02\/group2-300x300.jpg 300w, https:\/\/dev.iesislaverde.es\/wp-content\/uploads\/2021\/02\/group2-1024x1024.jpg 1024w, https:\/\/dev.iesislaverde.es\/wp-content\/uploads\/2021\/02\/group2-768x768.jpg 768w, https:\/\/dev.iesislaverde.es\/wp-content\/uploads\/2021\/02\/group2-1536x1536.jpg 1536w, https:\/\/dev.iesislaverde.es\/wp-content\/uploads\/2021\/02\/group2-2048x2048.jpg 2048w\" sizes=\"auto, (max-width: 150px) 100vw, 150px\" \/><\/a>\n\t\t\t<\/dt>\n\t\t\t\t<dd class='wp-caption-text gallery-caption' id='gallery-1-3141'>\n\t\t\t\tLogo grupo 2\n\t\t\t\t<\/dd><\/dl><dl class='gallery-item'>\n\t\t\t<dt class='gallery-icon landscape'>\n\t\t\t\t<a href='https:\/\/dev.iesislaverde.es\/index.php\/encuesta-seleccion-logo-proyecto-etwinning\/group3\/'><img loading=\"lazy\" decoding=\"async\" width=\"150\" height=\"150\" src=\"https:\/\/dev.iesislaverde.es\/wp-content\/uploads\/2021\/02\/group3-150x150.png\" class=\"attachment-thumbnail size-thumbnail\" alt=\"\" aria-describedby=\"gallery-1-3138\" \/><\/a>\n\t\t\t<\/dt>\n\t\t\t\t<dd class='wp-caption-text gallery-caption' id='gallery-1-3138'>\n\t\t\t\tLogo grupo 3\n\t\t\t\t<\/dd><\/dl><dl class='gallery-item'>\n\t\t\t<dt class='gallery-icon landscape'>\n\t\t\t\t<a href='https:\/\/dev.iesislaverde.es\/index.php\/encuesta-seleccion-logo-proyecto-etwinning\/group-4_page-0001\/'><img loading=\"lazy\" decoding=\"async\" width=\"150\" height=\"150\" src=\"https:\/\/dev.iesislaverde.es\/wp-content\/uploads\/2021\/02\/Group-4_page-0001-150x150.jpg\" class=\"attachment-thumbnail size-thumbnail\" alt=\"\" aria-describedby=\"gallery-1-3142\" \/><\/a>\n\t\t\t<\/dt>\n\t\t\t\t<dd class='wp-caption-text gallery-caption' id='gallery-1-3142'>\n\t\t\t\tLogo grupo 4\n\t\t\t\t<\/dd><\/dl><br style=\"clear: both\" \/>\n\t\t<\/div>\n\n<p><span style=\"color: rgba(0, 0, 0, 0.870588235294118); font-family: Roboto, Helvetica, Arial, sans-serif;\">277 personas han votado por el mejor logo para representar nuestro proyecto e-twinning: Today or Mayday<\/span><\/p>\n<div><span style=\"color: #a00029;\">Enhorabuena al alumnado participante por la calidad de sus dise\u00f1os. Las puntuaciones han sido las siguientes:<br \/>\n<\/span>Logo Group 1: Luc\u00eda Rodr\u00edguez Ba\u00f1asco,\u00a0Lucia Pav\u00f3n Guijarro,\u00a0 Bel\u00e9n S\u00e1nchez Lebr\u00f3n :16 votos<\/div>\n<div>Logo group 2:\u00a0Lourdes Gerena Cepkausakite,\u00a0\u00a0Paula Aguado Delgado,\u00a0 Claudia Garcia Barroso :\u00a084 votos<\/div>\n<div>Logo Group 3:\u00a0Alejandro Fuentes Montoya,\u00a0 Miguel Garc\u00eda Mac\u00edas ,\u00a0 Marcos del Castillo Barrag\u00e1n :148 votos<\/div>\n<div>Logo Group 4:\u00a0Carolina Montero Picazo,\u00a0 Luc\u00eda Hermida L\u00f3pez ,\u00a0 Lola Rocha Mart\u00ednez ,\u00a023 votos<\/div>\n<div>Logo Group 5:\u00a0Ana Luis Regen,\u00a0 Gonzalo Silva:\u00a06 votos<\/div>\n<div><\/div>\n<div>Los tres logos con la mejor puntuaci\u00f3n han sido subidos a la encuesta de votaci\u00f3n de TwinSpace de Today or Mayday (plataforma e-Twinning) junto con los tres logos ganadores de cada uno de los 12 institutos participantes en este proyecto. Procederemos a las votaciones de todos ellos para ver cu\u00e1l es finalmente el ganador, el cual ser\u00e1 el s\u00edmbolo de nuestro proyecto. \u00a1Mucha suerte!!<\/div>\n","protected":false},"excerpt":{"rendered":"<p>277 personas han votado por el mejor logo para representar nuestro proyecto e-twinning: Today or Mayday Enhorabuena al alumnado participante por la calidad de sus dise\u00f1os. Las puntuaciones han sido las siguientes: Logo Group 1: Luc\u00eda Rodr\u00edguez Ba\u00f1asco,\u00a0Lucia Pav\u00f3n Guijarro,\u00a0 Bel\u00e9n S\u00e1nchez Lebr\u00f3n :16 votos Logo group 2:\u00a0Lourdes Gerena Cepkausakite,\u00a0\u00a0Paula Aguado Delgado,\u00a0 Claudia Garcia Barroso [&hellip;]<\/p>\n","protected":false},"author":15,"featured_media":0,"comment_status":"closed","ping_status":"closed","sticky":false,"template":"","format":"standard","meta":{"footnotes":""},"categories":[33],"tags":[34],"class_list":["post-3183","post","type-post","status-publish","format-standard","hentry","category-erasmus","tag-erasmus"],"_links":{"self":[{"href":"https:\/\/dev.iesislaverde.es\/index.php\/wp-json\/wp\/v2\/posts\/3183","targetHints":{"allow":["GET"]}}],"collection":[{"href":"https:\/\/dev.iesislaverde.es\/index.php\/wp-json\/wp\/v2\/posts"}],"about":[{"href":"https:\/\/dev.iesislaverde.es\/index.php\/wp-json\/wp\/v2\/types\/post"}],"author":[{"embeddable":true,"href":"https:\/\/dev.iesislaverde.es\/index.php\/wp-json\/wp\/v2\/users\/15"}],"replies":[{"embeddable":true,"href":"https:\/\/dev.iesislaverde.es\/index.php\/wp-json\/wp\/v2\/comments?post=3183"}],"version-history":[{"count":2,"href":"https:\/\/dev.iesislaverde.es\/index.php\/wp-json\/wp\/v2\/posts\/3183\/revisions"}],"predecessor-version":[{"id":3541,"href":"https:\/\/dev.iesislaverde.es\/index.php\/wp-json\/wp\/v2\/posts\/3183\/revisions\/3541"}],"wp:attachment":[{"href":"https:\/\/dev.iesislaverde.es\/index.php\/wp-json\/wp\/v2\/media?parent=3183"}],"wp:term":[{"taxonomy":"category","embeddable":true,"href":"https:\/\/dev.iesislaverde.es\/index.php\/wp-json\/wp\/v2\/categories?post=3183"},{"taxonomy":"post_tag","embeddable":true,"href":"https:\/\/dev.iesislaverde.es\/index.php\/wp-json\/wp\/v2\/tags?post=3183"}],"curies":[{"name":"wp","href":"https:\/\/api.w.org\/{rel}","templated":true}]}}