{"id":3187,"date":"2021-02-10T09:34:19","date_gmt":"2021-02-10T09:34:19","guid":{"rendered":"https:\/\/www.iesislaverde.es\/?p=3187"},"modified":"2021-02-10T10:26:52","modified_gmt":"2021-02-10T10:26:52","slug":"conferencias-del-alumnado-etwinning-bridge-of-cultures","status":"publish","type":"post","link":"https:\/\/dev.iesislaverde.es\/index.php\/2021\/02\/10\/conferencias-del-alumnado-etwinning-bridge-of-cultures\/","title":{"rendered":"Conferencias del alumnado eTwinning &#8220;Today or Mayday&#8221;"},"content":{"rendered":"<p>En el proyecto e-Twinning Today or Mayday, llevado a cabo por el alumnado de 4\u00ba A, hemos empezado las conferencias multinacionales con profesor@s y alumn@s de Turqu\u00eda, Polonia, Moldavia, Croacia, Italia y Espa\u00f1a. Ayer fue el turno de Carolina Montero Picazo y Paula Aguado Delgado con fant\u00e1sticas intervenciones sobre c\u00f3mo afronta Campo de Gibraltar la lucha contra el cambio clim\u00e1tico.<\/p>\n<p>En la segunda conferencia las alumnas Lola Rocha, Luc\u00eda Heredia y Lourdes Gerena de 4\u00ba A han intervenido en la conferencia multinacional de Today or Mayday, explicando las ventajas de nuestras centrales e\u00f3licas, la energ\u00eda hidr\u00e1ulica o el uso de la energ\u00eda solar de manera cotidiana en nuestro entorno.<\/p>\n\n\t\t<style type=\"text\/css\">\n\t\t\t#gallery-1 {\n\t\t\t\tmargin: auto;\n\t\t\t}\n\t\t\t#gallery-1 .gallery-item {\n\t\t\t\tfloat: left;\n\t\t\t\tmargin-top: 10px;\n\t\t\t\ttext-align: center;\n\t\t\t\twidth: 33%;\n\t\t\t}\n\t\t\t#gallery-1 img {\n\t\t\t\tborder: 2px solid #cfcfcf;\n\t\t\t}\n\t\t\t#gallery-1 .gallery-caption {\n\t\t\t\tmargin-left: 0;\n\t\t\t}\n\t\t\t\/* see gallery_shortcode() in wp-includes\/media.php *\/\n\t\t<\/style>\n\t\t<div id='gallery-1' class='gallery galleryid-3187 gallery-columns-3 gallery-size-thumbnail'><dl class='gallery-item'>\n\t\t\t<dt class='gallery-icon landscape'>\n\t\t\t\t<a href='https:\/\/dev.iesislaverde.es\/index.php\/2021\/02\/10\/conferencias-del-alumnado-etwinning-bridge-of-cultures\/etwiinig1\/'><img loading=\"lazy\" decoding=\"async\" width=\"150\" height=\"150\" src=\"https:\/\/dev.iesislaverde.es\/wp-content\/uploads\/2021\/02\/etwiinig1-150x150.png\" class=\"attachment-thumbnail size-thumbnail\" alt=\"\" \/><\/a>\n\t\t\t<\/dt><\/dl><dl class='gallery-item'>\n\t\t\t<dt class='gallery-icon landscape'>\n\t\t\t\t<a href='https:\/\/dev.iesislaverde.es\/index.php\/2021\/02\/10\/conferencias-del-alumnado-etwinning-bridge-of-cultures\/etwinning2\/'><img loading=\"lazy\" decoding=\"async\" width=\"150\" height=\"150\" src=\"https:\/\/dev.iesislaverde.es\/wp-content\/uploads\/2021\/02\/etwinning2-150x150.png\" class=\"attachment-thumbnail size-thumbnail\" alt=\"\" \/><\/a>\n\t\t\t<\/dt><\/dl><dl class='gallery-item'>\n\t\t\t<dt class='gallery-icon landscape'>\n\t\t\t\t<a href='https:\/\/dev.iesislaverde.es\/index.php\/2021\/02\/10\/conferencias-del-alumnado-etwinning-bridge-of-cultures\/etqinning3\/'><img loading=\"lazy\" decoding=\"async\" width=\"150\" height=\"150\" src=\"https:\/\/dev.iesislaverde.es\/wp-content\/uploads\/2021\/02\/etqinning3-150x150.png\" class=\"attachment-thumbnail size-thumbnail\" alt=\"\" \/><\/a>\n\t\t\t<\/dt><\/dl><br style=\"clear: both\" \/><dl class='gallery-item'>\n\t\t\t<dt class='gallery-icon landscape'>\n\t\t\t\t<a href='https:\/\/dev.iesislaverde.es\/index.php\/2021\/02\/10\/conferencias-del-alumnado-etwinning-bridge-of-cultures\/presentation-lola-rocha-2021-02-09-a-las-17-06-27\/'><img loading=\"lazy\" decoding=\"async\" width=\"150\" height=\"150\" src=\"https:\/\/dev.iesislaverde.es\/wp-content\/uploads\/2021\/02\/PRESENTATION-LOLA-ROCHA-2021-02-09-a-las-17.06.27-150x150.png\" class=\"attachment-thumbnail size-thumbnail\" alt=\"\" \/><\/a>\n\t\t\t<\/dt><\/dl><dl class='gallery-item'>\n\t\t\t<dt class='gallery-icon landscape'>\n\t\t\t\t<a href='https:\/\/dev.iesislaverde.es\/index.php\/2021\/02\/10\/conferencias-del-alumnado-etwinning-bridge-of-cultures\/carolina-montero-paula-aguado-2021-02-08-a-las-16-57-31\/'><img loading=\"lazy\" decoding=\"async\" width=\"150\" height=\"150\" src=\"https:\/\/dev.iesislaverde.es\/wp-content\/uploads\/2021\/02\/Carolina-Montero-Paula-Aguado-2021-02-08-a-las-16.57.31-150x150.png\" class=\"attachment-thumbnail size-thumbnail\" alt=\"\" \/><\/a>\n\t\t\t<\/dt><\/dl><dl class='gallery-item'>\n\t\t\t<dt class='gallery-icon landscape'>\n\t\t\t\t<a href='https:\/\/dev.iesislaverde.es\/index.php\/2021\/02\/10\/conferencias-del-alumnado-etwinning-bridge-of-cultures\/conference-1-teachers-and-students-2021-02-08-a-las-16-55-15\/'><img loading=\"lazy\" decoding=\"async\" width=\"150\" height=\"150\" src=\"https:\/\/dev.iesislaverde.es\/wp-content\/uploads\/2021\/02\/Conference-1-teachers-and-students-2021-02-08-a-las-16.55.15-150x150.png\" class=\"attachment-thumbnail size-thumbnail\" alt=\"\" \/><\/a>\n\t\t\t<\/dt><\/dl><br style=\"clear: both\" \/>\n\t\t<\/div>\n\n","protected":false},"excerpt":{"rendered":"<p>En el proyecto e-Twinning Today or Mayday, llevado a cabo por el alumnado de 4\u00ba A, hemos empezado las conferencias multinacionales con profesor@s y alumn@s de Turqu\u00eda, Polonia, Moldavia, Croacia, Italia y Espa\u00f1a. Ayer fue el turno de Carolina Montero Picazo y Paula Aguado Delgado con fant\u00e1sticas intervenciones sobre c\u00f3mo afronta Campo de Gibraltar la [&hellip;]<\/p>\n","protected":false},"author":15,"featured_media":0,"comment_status":"closed","ping_status":"closed","sticky":false,"template":"","format":"standard","meta":{"footnotes":""},"categories":[33,1],"tags":[],"class_list":["post-3187","post","type-post","status-publish","format-standard","hentry","category-erasmus","category-isla-verde"],"_links":{"self":[{"href":"https:\/\/dev.iesislaverde.es\/index.php\/wp-json\/wp\/v2\/posts\/3187","targetHints":{"allow":["GET"]}}],"collection":[{"href":"https:\/\/dev.iesislaverde.es\/index.php\/wp-json\/wp\/v2\/posts"}],"about":[{"href":"https:\/\/dev.iesislaverde.es\/index.php\/wp-json\/wp\/v2\/types\/post"}],"author":[{"embeddable":true,"href":"https:\/\/dev.iesislaverde.es\/index.php\/wp-json\/wp\/v2\/users\/15"}],"replies":[{"embeddable":true,"href":"https:\/\/dev.iesislaverde.es\/index.php\/wp-json\/wp\/v2\/comments?post=3187"}],"version-history":[{"count":3,"href":"https:\/\/dev.iesislaverde.es\/index.php\/wp-json\/wp\/v2\/posts\/3187\/revisions"}],"predecessor-version":[{"id":3542,"href":"https:\/\/dev.iesislaverde.es\/index.php\/wp-json\/wp\/v2\/posts\/3187\/revisions\/3542"}],"wp:attachment":[{"href":"https:\/\/dev.iesislaverde.es\/index.php\/wp-json\/wp\/v2\/media?parent=3187"}],"wp:term":[{"taxonomy":"category","embeddable":true,"href":"https:\/\/dev.iesislaverde.es\/index.php\/wp-json\/wp\/v2\/categories?post=3187"},{"taxonomy":"post_tag","embeddable":true,"href":"https:\/\/dev.iesislaverde.es\/index.php\/wp-json\/wp\/v2\/tags?post=3187"}],"curies":[{"name":"wp","href":"https:\/\/api.w.org\/{rel}","templated":true}]}}