{"id":3216,"date":"2021-04-14T15:00:00","date_gmt":"2021-04-14T15:00:00","guid":{"rendered":"https:\/\/www.iesislaverde.es\/?p=3216"},"modified":"2021-04-14T17:26:39","modified_gmt":"2021-04-14T17:26:39","slug":"calendario-de-pruebas-libres-obtencion-de-titulo-tecnico-superior-en-transporte-y-logistica","status":"publish","type":"post","link":"https:\/\/dev.iesislaverde.es\/index.php\/2021\/04\/14\/calendario-de-pruebas-libres-obtencion-de-titulo-tecnico-superior-en-transporte-y-logistica\/","title":{"rendered":"Calendario de pruebas libres obtenci\u00f3n de t\u00edtulo T\u00e9cnico Superior en &#8220;Transporte y Log\u00edstica&#8221;: 4, 5 y 6 de MAYO (\u00daNICO TURNO)"},"content":{"rendered":"<a href=\"https:\/\/dev.iesislaverde.es\/wp-content\/uploads\/2021\/04\/Calendario-pruebas-libres-Transporte-y-Logistica_def.pdf\" class=\"pdfemb-viewer\" style=\"\" data-width=\"max\" data-height=\"max\"  data-toolbar=\"bottom\" data-toolbar-fixed=\"off\">Calendario pruebas libres Transporte y Log\u00edstica_def<br\/><\/a>\n<a href=\"https:\/\/dev.iesislaverde.es\/wp-content\/uploads\/2021\/02\/Calendario-2021_TL.pdf\" class=\"pdfemb-viewer\" style=\"\" data-width=\"max\" data-height=\"max\"  data-toolbar=\"bottom\" data-toolbar-fixed=\"off\">Calendario 2021_TL<br\/><\/a>\n","protected":false},"excerpt":{"rendered":"Calendario pruebas libres Transporte y Log\u00edstica_def Calendario 2021_TL","protected":false},"author":15,"featured_media":0,"comment_status":"closed","ping_status":"closed","sticky":false,"template":"","format":"standard","meta":{"footnotes":""},"categories":[1],"tags":[],"class_list":["post-3216","post","type-post","status-publish","format-standard","hentry","category-isla-verde"],"_links":{"self":[{"href":"https:\/\/dev.iesislaverde.es\/index.php\/wp-json\/wp\/v2\/posts\/3216","targetHints":{"allow":["GET"]}}],"collection":[{"href":"https:\/\/dev.iesislaverde.es\/index.php\/wp-json\/wp\/v2\/posts"}],"about":[{"href":"https:\/\/dev.iesislaverde.es\/index.php\/wp-json\/wp\/v2\/types\/post"}],"author":[{"embeddable":true,"href":"https:\/\/dev.iesislaverde.es\/index.php\/wp-json\/wp\/v2\/users\/15"}],"replies":[{"embeddable":true,"href":"https:\/\/dev.iesislaverde.es\/index.php\/wp-json\/wp\/v2\/comments?post=3216"}],"version-history":[{"count":6,"href":"https:\/\/dev.iesislaverde.es\/index.php\/wp-json\/wp\/v2\/posts\/3216\/revisions"}],"predecessor-version":[{"id":3548,"href":"https:\/\/dev.iesislaverde.es\/index.php\/wp-json\/wp\/v2\/posts\/3216\/revisions\/3548"}],"wp:attachment":[{"href":"https:\/\/dev.iesislaverde.es\/index.php\/wp-json\/wp\/v2\/media?parent=3216"}],"wp:term":[{"taxonomy":"category","embeddable":true,"href":"https:\/\/dev.iesislaverde.es\/index.php\/wp-json\/wp\/v2\/categories?post=3216"},{"taxonomy":"post_tag","embeddable":true,"href":"https:\/\/dev.iesislaverde.es\/index.php\/wp-json\/wp\/v2\/tags?post=3216"}],"curies":[{"name":"wp","href":"https:\/\/api.w.org\/{rel}","templated":true}]}}