{"id":3234,"date":"2021-03-11T21:02:22","date_gmt":"2021-03-11T21:02:22","guid":{"rendered":"https:\/\/www.iesislaverde.es\/?p=3234"},"modified":"2021-03-11T21:07:28","modified_gmt":"2021-03-11T21:07:28","slug":"posters-proyectos-bridge-of-cultures","status":"publish","type":"post","link":"https:\/\/dev.iesislaverde.es\/index.php\/2021\/03\/11\/posters-proyectos-bridge-of-cultures\/","title":{"rendered":"P\u00f3sters proyectos &#8220;Bridge of Cultures&#8221;"},"content":{"rendered":"<p>Los alumnos de 4\u00ba de ESO que participan en el proyecto e-Twinning &#8220;Bridge of Cultures&#8221; han elaborado estos p\u00f3sters como actividad para dar a conocer un poco m\u00e1s nuestras costumbres y elementos culturales. Seguimos avanzando en nuestros diferentes proyectos que tanto est\u00e1n ayudando a nuestros alumnos y alumnas a conocer y a relacionarse con los de multitud de centros de otros pa\u00edses.<\/p>\n\n\t\t<style type=\"text\/css\">\n\t\t\t#gallery-1 {\n\t\t\t\tmargin: auto;\n\t\t\t}\n\t\t\t#gallery-1 .gallery-item {\n\t\t\t\tfloat: left;\n\t\t\t\tmargin-top: 10px;\n\t\t\t\ttext-align: center;\n\t\t\t\twidth: 33%;\n\t\t\t}\n\t\t\t#gallery-1 img {\n\t\t\t\tborder: 2px solid #cfcfcf;\n\t\t\t}\n\t\t\t#gallery-1 .gallery-caption {\n\t\t\t\tmargin-left: 0;\n\t\t\t}\n\t\t\t\/* see gallery_shortcode() in wp-includes\/media.php *\/\n\t\t<\/style>\n\t\t<div id='gallery-1' class='gallery galleryid-3234 gallery-columns-3 gallery-size-thumbnail'><dl class='gallery-item'>\n\t\t\t<dt class='gallery-icon portrait'>\n\t\t\t\t<a href='https:\/\/dev.iesislaverde.es\/index.php\/2021\/03\/11\/posters-proyectos-bridge-of-cultures\/paula-and-laura-min\/'><img loading=\"lazy\" decoding=\"async\" width=\"150\" height=\"150\" src=\"https:\/\/dev.iesislaverde.es\/wp-content\/uploads\/2021\/03\/Paula-and-Laura-min-150x150.jpg\" class=\"attachment-thumbnail size-thumbnail\" alt=\"\" \/><\/a>\n\t\t\t<\/dt><\/dl><dl class='gallery-item'>\n\t\t\t<dt class='gallery-icon portrait'>\n\t\t\t\t<a href='https:\/\/dev.iesislaverde.es\/index.php\/2021\/03\/11\/posters-proyectos-bridge-of-cultures\/sofia-menini-min\/'><img loading=\"lazy\" decoding=\"async\" width=\"150\" height=\"150\" src=\"https:\/\/dev.iesislaverde.es\/wp-content\/uploads\/2021\/03\/Sofia-Menini-min-150x150.jpg\" class=\"attachment-thumbnail size-thumbnail\" alt=\"\" \/><\/a>\n\t\t\t<\/dt><\/dl><dl class='gallery-item'>\n\t\t\t<dt class='gallery-icon portrait'>\n\t\t\t\t<a href='https:\/\/dev.iesislaverde.es\/index.php\/2021\/03\/11\/posters-proyectos-bridge-of-cultures\/francisco-diaz-and-sofia-blal-fassi-min\/'><img loading=\"lazy\" decoding=\"async\" width=\"150\" height=\"150\" src=\"https:\/\/dev.iesislaverde.es\/wp-content\/uploads\/2021\/03\/Francisco-Diaz-and-Sofia-Blal-Fassi-min-150x150.jpg\" class=\"attachment-thumbnail size-thumbnail\" alt=\"\" \/><\/a>\n\t\t\t<\/dt><\/dl><br style=\"clear: both\" \/><dl class='gallery-item'>\n\t\t\t<dt class='gallery-icon portrait'>\n\t\t\t\t<a href='https:\/\/dev.iesislaverde.es\/index.php\/2021\/03\/11\/posters-proyectos-bridge-of-cultures\/carlota-and-paula-yang-min\/'><img loading=\"lazy\" decoding=\"async\" width=\"150\" height=\"150\" src=\"https:\/\/dev.iesislaverde.es\/wp-content\/uploads\/2021\/03\/Carlota-and-Paula-Yang-min-150x150.jpg\" class=\"attachment-thumbnail size-thumbnail\" alt=\"\" \/><\/a>\n\t\t\t<\/dt><\/dl><dl class='gallery-item'>\n\t\t\t<dt class='gallery-icon portrait'>\n\t\t\t\t<a href='https:\/\/dev.iesislaverde.es\/index.php\/2021\/03\/11\/posters-proyectos-bridge-of-cultures\/lucia-garcia-and-lola-min\/'><img loading=\"lazy\" decoding=\"async\" width=\"150\" height=\"150\" src=\"https:\/\/dev.iesislaverde.es\/wp-content\/uploads\/2021\/03\/Lucia-Garcia-and-Lola-min-150x150.jpg\" class=\"attachment-thumbnail size-thumbnail\" alt=\"\" \/><\/a>\n\t\t\t<\/dt><\/dl><dl class='gallery-item'>\n\t\t\t<dt class='gallery-icon landscape'>\n\t\t\t\t<a href='https:\/\/dev.iesislaverde.es\/index.php\/2021\/03\/11\/posters-proyectos-bridge-of-cultures\/oscar-and-gabriela\/'><img loading=\"lazy\" decoding=\"async\" width=\"150\" height=\"150\" src=\"https:\/\/dev.iesislaverde.es\/wp-content\/uploads\/2021\/03\/Oscar-and-Gabriela-150x150.jpg\" class=\"attachment-thumbnail size-thumbnail\" alt=\"\" \/><\/a>\n\t\t\t<\/dt><\/dl><br style=\"clear: both\" \/><dl class='gallery-item'>\n\t\t\t<dt class='gallery-icon landscape'>\n\t\t\t\t<a href='https:\/\/dev.iesislaverde.es\/index.php\/2021\/03\/11\/posters-proyectos-bridge-of-cultures\/juan_page-0001\/'><img loading=\"lazy\" decoding=\"async\" width=\"150\" height=\"150\" src=\"https:\/\/dev.iesislaverde.es\/wp-content\/uploads\/2021\/03\/Juan_page-0001-150x150.jpg\" class=\"attachment-thumbnail size-thumbnail\" alt=\"\" \/><\/a>\n\t\t\t<\/dt><\/dl><dl class='gallery-item'>\n\t\t\t<dt class='gallery-icon portrait'>\n\t\t\t\t<a href='https:\/\/dev.iesislaverde.es\/index.php\/2021\/03\/11\/posters-proyectos-bridge-of-cultures\/jesus-and-david\/'><img loading=\"lazy\" decoding=\"async\" width=\"150\" height=\"150\" src=\"https:\/\/dev.iesislaverde.es\/wp-content\/uploads\/2021\/03\/Jesus-and-David-150x150.png\" class=\"attachment-thumbnail size-thumbnail\" alt=\"\" \/><\/a>\n\t\t\t<\/dt><\/dl><dl class='gallery-item'>\n\t\t\t<dt class='gallery-icon portrait'>\n\t\t\t\t<a href='https:\/\/dev.iesislaverde.es\/index.php\/2021\/03\/11\/posters-proyectos-bridge-of-cultures\/irene-and-marta\/'><img loading=\"lazy\" decoding=\"async\" width=\"150\" height=\"150\" src=\"https:\/\/dev.iesislaverde.es\/wp-content\/uploads\/2021\/03\/Irene-and-Marta-150x150.jpg\" class=\"attachment-thumbnail size-thumbnail\" alt=\"\" \/><\/a>\n\t\t\t<\/dt><\/dl><br style=\"clear: both\" \/><dl class='gallery-item'>\n\t\t\t<dt class='gallery-icon portrait'>\n\t\t\t\t<a href='https:\/\/dev.iesislaverde.es\/index.php\/2021\/03\/11\/posters-proyectos-bridge-of-cultures\/carlos\/'><img loading=\"lazy\" decoding=\"async\" width=\"150\" height=\"150\" src=\"https:\/\/dev.iesislaverde.es\/wp-content\/uploads\/2021\/03\/Carlos-150x150.png\" class=\"attachment-thumbnail size-thumbnail\" alt=\"\" \/><\/a>\n\t\t\t<\/dt><\/dl>\n\t\t\t<br style='clear: both' \/>\n\t\t<\/div>\n\n","protected":false},"excerpt":{"rendered":"<p>Los alumnos de 4\u00ba de ESO que participan en el proyecto e-Twinning &#8220;Bridge of Cultures&#8221; han elaborado estos p\u00f3sters como actividad para dar a conocer un poco m\u00e1s nuestras costumbres y elementos culturales. Seguimos avanzando en nuestros diferentes proyectos que tanto est\u00e1n ayudando a nuestros alumnos y alumnas a conocer y a relacionarse con los [&hellip;]<\/p>\n","protected":false},"author":15,"featured_media":0,"comment_status":"closed","ping_status":"closed","sticky":false,"template":"","format":"standard","meta":{"footnotes":""},"categories":[33],"tags":[],"class_list":["post-3234","post","type-post","status-publish","format-standard","hentry","category-erasmus"],"_links":{"self":[{"href":"https:\/\/dev.iesislaverde.es\/index.php\/wp-json\/wp\/v2\/posts\/3234","targetHints":{"allow":["GET"]}}],"collection":[{"href":"https:\/\/dev.iesislaverde.es\/index.php\/wp-json\/wp\/v2\/posts"}],"about":[{"href":"https:\/\/dev.iesislaverde.es\/index.php\/wp-json\/wp\/v2\/types\/post"}],"author":[{"embeddable":true,"href":"https:\/\/dev.iesislaverde.es\/index.php\/wp-json\/wp\/v2\/users\/15"}],"replies":[{"embeddable":true,"href":"https:\/\/dev.iesislaverde.es\/index.php\/wp-json\/wp\/v2\/comments?post=3234"}],"version-history":[{"count":4,"href":"https:\/\/dev.iesislaverde.es\/index.php\/wp-json\/wp\/v2\/posts\/3234\/revisions"}],"predecessor-version":[{"id":3544,"href":"https:\/\/dev.iesislaverde.es\/index.php\/wp-json\/wp\/v2\/posts\/3234\/revisions\/3544"}],"wp:attachment":[{"href":"https:\/\/dev.iesislaverde.es\/index.php\/wp-json\/wp\/v2\/media?parent=3234"}],"wp:term":[{"taxonomy":"category","embeddable":true,"href":"https:\/\/dev.iesislaverde.es\/index.php\/wp-json\/wp\/v2\/categories?post=3234"},{"taxonomy":"post_tag","embeddable":true,"href":"https:\/\/dev.iesislaverde.es\/index.php\/wp-json\/wp\/v2\/tags?post=3234"}],"curies":[{"name":"wp","href":"https:\/\/api.w.org\/{rel}","templated":true}]}}