{"id":3248,"date":"2021-03-11T21:10:37","date_gmt":"2021-03-11T21:10:37","guid":{"rendered":"https:\/\/www.iesislaverde.es\/?p=3248"},"modified":"2021-03-11T21:11:47","modified_gmt":"2021-03-11T21:11:47","slug":"encuentro-virtual-bridge-of-cultures","status":"publish","type":"post","link":"https:\/\/dev.iesislaverde.es\/index.php\/2021\/03\/11\/encuentro-virtual-bridge-of-cultures\/","title":{"rendered":"Encuentro Virtual &#8220;Bridge of Cultures&#8221;"},"content":{"rendered":"<div>El pasado 8 de marzo varios de los alumnos de 4\u00ba que participan en el Proyecto Bridge of Cultures asistieron a un encuentro virtual con estudiantes de otros centros, tambi\u00e9n participantes en el proyecto.<\/div>\n<div>Fue una experiencia novedosa y divertida, seg\u00fan dijeron los asistentes. Tuvieron la oportunidad de presentarse y de intercambiar opiniones sobre este proyecto en ingl\u00e9s con estudiantes de Italia, Polonia y Turqu\u00eda.<\/div>\n<div>La semana que viene est\u00e1 previsto un segundo encuentro para aquellos estudiantes que no pudieron conectarse el lunes.<\/div>\n<div><img loading=\"lazy\" decoding=\"async\" class=\"alignnone size-medium wp-image-3249\" src=\"https:\/\/dev.iesislaverde.es\/wp-content\/uploads\/2021\/03\/Captura-de-pantalla-2021-03-08-a-las-16.45.27-1-300x176.png\" alt=\"\" width=\"300\" height=\"176\" srcset=\"https:\/\/dev.iesislaverde.es\/wp-content\/uploads\/2021\/03\/Captura-de-pantalla-2021-03-08-a-las-16.45.27-1-300x176.png 300w, https:\/\/dev.iesislaverde.es\/wp-content\/uploads\/2021\/03\/Captura-de-pantalla-2021-03-08-a-las-16.45.27-1-768x451.png 768w, https:\/\/dev.iesislaverde.es\/wp-content\/uploads\/2021\/03\/Captura-de-pantalla-2021-03-08-a-las-16.45.27-1.png 957w\" sizes=\"auto, (max-width: 300px) 100vw, 300px\" \/> <img loading=\"lazy\" decoding=\"async\" class=\"alignnone size-medium wp-image-3251\" src=\"https:\/\/dev.iesislaverde.es\/wp-content\/uploads\/2021\/03\/Captura-de-pantalla-2021-03-08-a-las-16.41.49-1-300x169.png\" alt=\"\" width=\"300\" height=\"169\" srcset=\"https:\/\/dev.iesislaverde.es\/wp-content\/uploads\/2021\/03\/Captura-de-pantalla-2021-03-08-a-las-16.41.49-1-300x169.png 300w, https:\/\/dev.iesislaverde.es\/wp-content\/uploads\/2021\/03\/Captura-de-pantalla-2021-03-08-a-las-16.41.49-1-768x432.png 768w, https:\/\/dev.iesislaverde.es\/wp-content\/uploads\/2021\/03\/Captura-de-pantalla-2021-03-08-a-las-16.41.49-1.png 972w\" sizes=\"auto, (max-width: 300px) 100vw, 300px\" \/><\/div>\n","protected":false},"excerpt":{"rendered":"<p>El pasado 8 de marzo varios de los alumnos de 4\u00ba que participan en el Proyecto Bridge of Cultures asistieron a un encuentro virtual con estudiantes de otros centros, tambi\u00e9n participantes en el proyecto. Fue una experiencia novedosa y divertida, seg\u00fan dijeron los asistentes. Tuvieron la oportunidad de presentarse y de intercambiar opiniones sobre este [&hellip;]<\/p>\n","protected":false},"author":15,"featured_media":3251,"comment_status":"closed","ping_status":"closed","sticky":false,"template":"","format":"standard","meta":{"footnotes":""},"categories":[33],"tags":[],"class_list":["post-3248","post","type-post","status-publish","format-standard","has-post-thumbnail","hentry","category-erasmus"],"_links":{"self":[{"href":"https:\/\/dev.iesislaverde.es\/index.php\/wp-json\/wp\/v2\/posts\/3248","targetHints":{"allow":["GET"]}}],"collection":[{"href":"https:\/\/dev.iesislaverde.es\/index.php\/wp-json\/wp\/v2\/posts"}],"about":[{"href":"https:\/\/dev.iesislaverde.es\/index.php\/wp-json\/wp\/v2\/types\/post"}],"author":[{"embeddable":true,"href":"https:\/\/dev.iesislaverde.es\/index.php\/wp-json\/wp\/v2\/users\/15"}],"replies":[{"embeddable":true,"href":"https:\/\/dev.iesislaverde.es\/index.php\/wp-json\/wp\/v2\/comments?post=3248"}],"version-history":[{"count":1,"href":"https:\/\/dev.iesislaverde.es\/index.php\/wp-json\/wp\/v2\/posts\/3248\/revisions"}],"predecessor-version":[{"id":3252,"href":"https:\/\/dev.iesislaverde.es\/index.php\/wp-json\/wp\/v2\/posts\/3248\/revisions\/3252"}],"wp:featuredmedia":[{"embeddable":true,"href":"https:\/\/dev.iesislaverde.es\/index.php\/wp-json\/wp\/v2\/media\/3251"}],"wp:attachment":[{"href":"https:\/\/dev.iesislaverde.es\/index.php\/wp-json\/wp\/v2\/media?parent=3248"}],"wp:term":[{"taxonomy":"category","embeddable":true,"href":"https:\/\/dev.iesislaverde.es\/index.php\/wp-json\/wp\/v2\/categories?post=3248"},{"taxonomy":"post_tag","embeddable":true,"href":"https:\/\/dev.iesislaverde.es\/index.php\/wp-json\/wp\/v2\/tags?post=3248"}],"curies":[{"name":"wp","href":"https:\/\/api.w.org\/{rel}","templated":true}]}}