{"id":3254,"date":"2021-03-15T21:46:02","date_gmt":"2021-03-15T21:46:02","guid":{"rendered":"https:\/\/www.iesislaverde.es\/?p=3254"},"modified":"2021-03-15T21:48:17","modified_gmt":"2021-03-15T21:48:17","slug":"entrega-de-boletines-2a-evaluacion","status":"publish","type":"post","link":"https:\/\/dev.iesislaverde.es\/index.php\/2021\/03\/15\/entrega-de-boletines-2a-evaluacion\/","title":{"rendered":"Entrega de boletines 2\u00aa evaluaci\u00f3n"},"content":{"rendered":"<p>Estimadas familias:<\/p>\n<p style=\"text-align: center;\">La entrega de calificaciones de la 2\u00aa evaluaci\u00f3n se realizar\u00e1 a trav\u00e9s del <strong>punto digital de recogida de documentos<\/strong> de evaluaci\u00f3n:<\/p>\n<table>\n<tbody>\n<tr>\n<td width=\"326\">ESO, bachillerato y FPB<\/td>\n<td width=\"326\">Jueves 25 de marzo, a partir de las 15h<\/td>\n<\/tr>\n<tr>\n<td width=\"326\"><\/td>\n<td width=\"326\"><\/td>\n<\/tr>\n<\/tbody>\n<\/table>\n<p>Si accedemos a la aplicaci\u00f3n iPasen y la tenemos actualizada a la \u00faltima versi\u00f3n, podemos acceder al punto de recogida directamente.<\/p>\n<p><img loading=\"lazy\" decoding=\"async\" class=\"size-medium wp-image-3049 aligncenter\" src=\"https:\/\/dev.iesislaverde.es\/wp-content\/uploads\/2020\/12\/\u00a1ipasen-300x217.jpg\" alt=\"\" width=\"300\" height=\"217\" srcset=\"https:\/\/dev.iesislaverde.es\/wp-content\/uploads\/2020\/12\/\u00a1ipasen-300x217.jpg 300w, https:\/\/dev.iesislaverde.es\/wp-content\/uploads\/2020\/12\/\u00a1ipasen-1024x741.jpg 1024w, https:\/\/dev.iesislaverde.es\/wp-content\/uploads\/2020\/12\/\u00a1ipasen-768x556.jpg 768w, https:\/\/dev.iesislaverde.es\/wp-content\/uploads\/2020\/12\/\u00a1ipasen-1536x1112.jpg 1536w, https:\/\/dev.iesislaverde.es\/wp-content\/uploads\/2020\/12\/\u00a1ipasen.jpg 1600w\" sizes=\"auto, (max-width: 300px) 100vw, 300px\" \/><\/p>\n<p>&nbsp;<\/p>\n<p>Asimismo, si no tenemos actualidad la aplicaci\u00f3n iPasen, accede con fecha de nacimiento y clave iAnde en:<\/p>\n<div style=\"text-align: center;\">\n<p>Se accede a trav\u00e9s de la propia p\u00e1gina web del centro (<a href=\"http:\/\/iesislaverde.es\">http:\/\/iesislaverde.es<\/a>), men\u00fa SECRETAR\u00cdA\/Punto de recogida de calificaciones, o a trav\u00e9s del siguiente enlace:<\/p>\n<p><a href=\"https:\/\/seneca.juntadeandalucia.es\/seneca\/puntoderecogida\/index.html\">https:\/\/seneca.juntadeandalucia.es\/seneca\/puntoderecogida\/index.htm<\/a><\/p>\n<p>Las claves iANDE se han difundido a las familias a trav\u00e9s de la app iPasen, en un mensaje anclado en la bandeja de entrada de Comunicaciones. En este mensaje los tutores legales tienen las claves iANDE de cada uno de sus hijos o hijas as\u00ed como para ellos mismos si fueran a su vez alumnos. Este mensaje permanece fijo y no se puede borrar<\/p>\n<p>Pueden localizar su clave iAnde accediendo a iPASEN, en\u00a0<em>Comunicaciones &gt; Recibidos:\u00a0 es el Primer mensaje (Administrador PASEN identificador Andaluz Educativo (iANDE)<\/em>.<\/p>\n<p><img loading=\"lazy\" decoding=\"async\" class=\"size-medium wp-image-3038 alignleft\" src=\"https:\/\/dev.iesislaverde.es\/wp-content\/uploads\/2020\/12\/ipasen_1-177x300.jpg\" alt=\"\" width=\"177\" height=\"300\" srcset=\"https:\/\/dev.iesislaverde.es\/wp-content\/uploads\/2020\/12\/ipasen_1-177x300.jpg 177w, https:\/\/dev.iesislaverde.es\/wp-content\/uploads\/2020\/12\/ipasen_1-603x1024.jpg 603w, https:\/\/dev.iesislaverde.es\/wp-content\/uploads\/2020\/12\/ipasen_1-768x1304.jpg 768w, https:\/\/dev.iesislaverde.es\/wp-content\/uploads\/2020\/12\/ipasen_1-904x1536.jpg 904w, https:\/\/dev.iesislaverde.es\/wp-content\/uploads\/2020\/12\/ipasen_1.jpg 942w\" sizes=\"auto, (max-width: 177px) 100vw, 177px\" \/><img loading=\"lazy\" decoding=\"async\" class=\"size-medium wp-image-3039 alignleft\" src=\"https:\/\/dev.iesislaverde.es\/wp-content\/uploads\/2020\/12\/iPasen_2-176x300.jpg\" alt=\"\" width=\"176\" height=\"300\" srcset=\"https:\/\/dev.iesislaverde.es\/wp-content\/uploads\/2020\/12\/iPasen_2-176x300.jpg 176w, https:\/\/dev.iesislaverde.es\/wp-content\/uploads\/2020\/12\/iPasen_2-601x1024.jpg 601w, https:\/\/dev.iesislaverde.es\/wp-content\/uploads\/2020\/12\/iPasen_2-768x1309.jpg 768w, https:\/\/dev.iesislaverde.es\/wp-content\/uploads\/2020\/12\/iPasen_2-901x1536.jpg 901w, https:\/\/dev.iesislaverde.es\/wp-content\/uploads\/2020\/12\/iPasen_2.jpg 939w\" sizes=\"auto, (max-width: 176px) 100vw, 176px\" \/><img loading=\"lazy\" decoding=\"async\" class=\" wp-image-3037 alignleft\" src=\"https:\/\/dev.iesislaverde.es\/wp-content\/uploads\/2020\/12\/iPasen_3-177x300.jpg\" alt=\"\" width=\"168\" height=\"285\" srcset=\"https:\/\/dev.iesislaverde.es\/wp-content\/uploads\/2020\/12\/iPasen_3-177x300.jpg 177w, https:\/\/dev.iesislaverde.es\/wp-content\/uploads\/2020\/12\/iPasen_3-605x1024.jpg 605w, https:\/\/dev.iesislaverde.es\/wp-content\/uploads\/2020\/12\/iPasen_3-768x1300.jpg 768w, https:\/\/dev.iesislaverde.es\/wp-content\/uploads\/2020\/12\/iPasen_3-907x1536.jpg 907w, https:\/\/dev.iesislaverde.es\/wp-content\/uploads\/2020\/12\/iPasen_3.jpg 945w\" sizes=\"auto, (max-width: 168px) 100vw, 168px\" \/><\/p>\n<\/div>\n<div><\/div>\n<div><\/div>\n<div><\/div>\n<div><\/div>\n<p>&nbsp;<\/p>\n<p>&nbsp;<\/p>\n<p>&nbsp;<\/p>\n<p>&nbsp;<\/p>\n<p>&nbsp;<\/p>\n<p>&nbsp;<\/p>\n<p><strong>Inf<\/strong><strong>ormaci\u00f3n adicional muy importante: A partir del d\u00eda siguiente, 26 de diciembre, las observaciones a las calificaciones no superadas e indicaciones del profesorado estar\u00e1n disponibles en PASEN junto a la calificaci\u00f3n electr\u00f3nica de cada materia.<\/strong><\/p>\n","protected":false},"excerpt":{"rendered":"<p>Estimadas familias: La entrega de calificaciones de la 2\u00aa evaluaci\u00f3n se realizar\u00e1 a trav\u00e9s del punto digital de recogida de documentos de evaluaci\u00f3n: ESO, bachillerato y FPB Jueves 25 de marzo, a partir de las 15h Si accedemos a la aplicaci\u00f3n iPasen y la tenemos actualizada a la \u00faltima versi\u00f3n, podemos acceder al punto de [&hellip;]<\/p>\n","protected":false},"author":15,"featured_media":2682,"comment_status":"closed","ping_status":"closed","sticky":false,"template":"","format":"standard","meta":{"footnotes":""},"categories":[1],"tags":[],"class_list":["post-3254","post","type-post","status-publish","format-standard","has-post-thumbnail","hentry","category-isla-verde"],"_links":{"self":[{"href":"https:\/\/dev.iesislaverde.es\/index.php\/wp-json\/wp\/v2\/posts\/3254","targetHints":{"allow":["GET"]}}],"collection":[{"href":"https:\/\/dev.iesislaverde.es\/index.php\/wp-json\/wp\/v2\/posts"}],"about":[{"href":"https:\/\/dev.iesislaverde.es\/index.php\/wp-json\/wp\/v2\/types\/post"}],"author":[{"embeddable":true,"href":"https:\/\/dev.iesislaverde.es\/index.php\/wp-json\/wp\/v2\/users\/15"}],"replies":[{"embeddable":true,"href":"https:\/\/dev.iesislaverde.es\/index.php\/wp-json\/wp\/v2\/comments?post=3254"}],"version-history":[{"count":2,"href":"https:\/\/dev.iesislaverde.es\/index.php\/wp-json\/wp\/v2\/posts\/3254\/revisions"}],"predecessor-version":[{"id":3545,"href":"https:\/\/dev.iesislaverde.es\/index.php\/wp-json\/wp\/v2\/posts\/3254\/revisions\/3545"}],"wp:featuredmedia":[{"embeddable":true,"href":"https:\/\/dev.iesislaverde.es\/index.php\/wp-json\/wp\/v2\/media\/2682"}],"wp:attachment":[{"href":"https:\/\/dev.iesislaverde.es\/index.php\/wp-json\/wp\/v2\/media?parent=3254"}],"wp:term":[{"taxonomy":"category","embeddable":true,"href":"https:\/\/dev.iesislaverde.es\/index.php\/wp-json\/wp\/v2\/categories?post=3254"},{"taxonomy":"post_tag","embeddable":true,"href":"https:\/\/dev.iesislaverde.es\/index.php\/wp-json\/wp\/v2\/tags?post=3254"}],"curies":[{"name":"wp","href":"https:\/\/api.w.org\/{rel}","templated":true}]}}