{"id":3266,"date":"2021-04-11T16:19:14","date_gmt":"2021-04-11T16:19:14","guid":{"rendered":"https:\/\/www.iesislaverde.es\/?p=3266"},"modified":"2021-04-15T16:27:53","modified_gmt":"2021-04-15T16:27:53","slug":"taller-de-familias-educacion-emocional-con-alberto-ortega","status":"publish","type":"post","link":"https:\/\/dev.iesislaverde.es\/index.php\/2021\/04\/11\/taller-de-familias-educacion-emocional-con-alberto-ortega\/","title":{"rendered":"Taller de familias: educaci\u00f3n emocional con Alberto Ortega"},"content":{"rendered":"<p>Estimadas familias:<\/p>\n<p><strong>\u00a0<\/strong>Dando continuidad a la formaci\u00f3n del curso anterior que qued\u00f3 suspendida por las condiciones sanitarias, retomamos este a\u00f1o nuestros talleres de formaci\u00f3n de familia en <strong>Educaci\u00f3n Emocional<\/strong> con Alberto Ortega y en esta ocasi\u00f3n la cita ser\u00e1 por videoconferencia.<\/p>\n<p>Las \u00faltimas reuniones del pasado curso fueron todo un \u00e9xito y por ello queremos darle continuidad. Las sesiones son independientes unas de otras y aunque formen un bloque com\u00fan, el no haber podido asistir a la anterior no implica no poder asistir a esta.<\/p>\n<p style=\"text-align: center;\">La fecha prevista para el primer encuentro de este curso ser\u00e1 el pr\u00f3ximo <strong>jueves, 15 de abril a las 18:30h. <\/strong><\/p>\n<p><strong>\u00a0<\/strong><\/p>\n<p><strong>El enlace de acceso a la videoconferencia es el siguiente:<\/strong><\/p>\n<p style=\"text-align: center;\"><a href=\"https:\/\/zoom.us\/j\/99492979081?pwd=blhoNEg4YXNmRnJLQXhnQVpiNVdYUT09\">https:\/\/zoom.us\/j\/99492979081?pwd=blhoNEg4YXNmRnJLQXhnQVpiNVdYUT09<\/a><\/p>\n<p>ID\u00a0 de la reuni\u00f3n: 99492979081<\/p>\n<p>C\u00f3digo de acceso: 326175<\/p>\n<p>&nbsp;<\/p>\n<p><strong>El Centro ha realizado un importante esfuerzo para contar con la disponibilidad de Alberto Ortega, muy dif\u00edcil de concertar, por ser un experto muy solicitado a todos los niveles.<\/strong><\/p>\n<p>Al considerar esta tem\u00e1tica prioritaria hoy en d\u00eda, solicitamos la colaboraci\u00f3n de las madres y los padres delegados que en el uso de sus funciones atribuidas colaboren con la direcci\u00f3n del centro animando a participar a las familias e insistiendo sobre su importancia.<\/p>\n<p>&nbsp;<\/p>\n<p>Os esperamos!<\/p>\n","protected":false},"excerpt":{"rendered":"<p>Estimadas familias: \u00a0Dando continuidad a la formaci\u00f3n del curso anterior que qued\u00f3 suspendida por las condiciones sanitarias, retomamos este a\u00f1o nuestros talleres de formaci\u00f3n de familia en Educaci\u00f3n Emocional con Alberto Ortega y en esta ocasi\u00f3n la cita ser\u00e1 por videoconferencia. Las \u00faltimas reuniones del pasado curso fueron todo un \u00e9xito y por ello queremos [&hellip;]<\/p>\n","protected":false},"author":15,"featured_media":0,"comment_status":"closed","ping_status":"closed","sticky":false,"template":"","format":"standard","meta":{"footnotes":""},"categories":[1],"tags":[],"class_list":["post-3266","post","type-post","status-publish","format-standard","hentry","category-isla-verde"],"_links":{"self":[{"href":"https:\/\/dev.iesislaverde.es\/index.php\/wp-json\/wp\/v2\/posts\/3266","targetHints":{"allow":["GET"]}}],"collection":[{"href":"https:\/\/dev.iesislaverde.es\/index.php\/wp-json\/wp\/v2\/posts"}],"about":[{"href":"https:\/\/dev.iesislaverde.es\/index.php\/wp-json\/wp\/v2\/types\/post"}],"author":[{"embeddable":true,"href":"https:\/\/dev.iesislaverde.es\/index.php\/wp-json\/wp\/v2\/users\/15"}],"replies":[{"embeddable":true,"href":"https:\/\/dev.iesislaverde.es\/index.php\/wp-json\/wp\/v2\/comments?post=3266"}],"version-history":[{"count":3,"href":"https:\/\/dev.iesislaverde.es\/index.php\/wp-json\/wp\/v2\/posts\/3266\/revisions"}],"predecessor-version":[{"id":3279,"href":"https:\/\/dev.iesislaverde.es\/index.php\/wp-json\/wp\/v2\/posts\/3266\/revisions\/3279"}],"wp:attachment":[{"href":"https:\/\/dev.iesislaverde.es\/index.php\/wp-json\/wp\/v2\/media?parent=3266"}],"wp:term":[{"taxonomy":"category","embeddable":true,"href":"https:\/\/dev.iesislaverde.es\/index.php\/wp-json\/wp\/v2\/categories?post=3266"},{"taxonomy":"post_tag","embeddable":true,"href":"https:\/\/dev.iesislaverde.es\/index.php\/wp-json\/wp\/v2\/tags?post=3266"}],"curies":[{"name":"wp","href":"https:\/\/api.w.org\/{rel}","templated":true}]}}