{"id":3281,"date":"2021-04-21T21:59:14","date_gmt":"2021-04-21T21:59:14","guid":{"rendered":"https:\/\/www.iesislaverde.es\/?p=3281"},"modified":"2021-04-21T21:59:26","modified_gmt":"2021-04-21T21:59:26","slug":"reunion-profesorado-proyecto-erasmus-abril-2021","status":"publish","type":"post","link":"https:\/\/dev.iesislaverde.es\/index.php\/2021\/04\/21\/reunion-profesorado-proyecto-erasmus-abril-2021\/","title":{"rendered":"Reuni\u00f3n profesorado proyecto Erasmus+. Abril 2021"},"content":{"rendered":"<p>El 21 de abril ha tenido lugar la segunda reuni\u00f3n de Erasmus+ del profesorado Isla Verde con nuestros socios de la Rep\u00fablica Checa, Italia y Suecia para comenzar la elaboraci\u00f3n de nuestro nuevo proyecto Erasmus+ 2021-27. Esperamos que gracias a las vacunas podamos volver a las movilidades en Europa y el alumnado de nuestro centro.<\/p>\n<p><img loading=\"lazy\" decoding=\"async\" class=\"size-medium wp-image-3282 aligncenter\" src=\"https:\/\/dev.iesislaverde.es\/wp-content\/uploads\/2021\/04\/Captura-de-pantalla-2021-04-21-a-las-18.39.05-300x140.png\" alt=\"\" width=\"300\" height=\"140\" srcset=\"https:\/\/dev.iesislaverde.es\/wp-content\/uploads\/2021\/04\/Captura-de-pantalla-2021-04-21-a-las-18.39.05-300x140.png 300w, https:\/\/dev.iesislaverde.es\/wp-content\/uploads\/2021\/04\/Captura-de-pantalla-2021-04-21-a-las-18.39.05-1024x477.png 1024w, https:\/\/dev.iesislaverde.es\/wp-content\/uploads\/2021\/04\/Captura-de-pantalla-2021-04-21-a-las-18.39.05-768x358.png 768w, https:\/\/dev.iesislaverde.es\/wp-content\/uploads\/2021\/04\/Captura-de-pantalla-2021-04-21-a-las-18.39.05.png 1436w\" sizes=\"auto, (max-width: 300px) 100vw, 300px\" \/><\/p>\n","protected":false},"excerpt":{"rendered":"<p>El 21 de abril ha tenido lugar la segunda reuni\u00f3n de Erasmus+ del profesorado Isla Verde con nuestros socios de la Rep\u00fablica Checa, Italia y Suecia para comenzar la elaboraci\u00f3n de nuestro nuevo proyecto Erasmus+ 2021-27. Esperamos que gracias a las vacunas podamos volver a las movilidades en Europa y el alumnado de nuestro centro.<\/p>\n","protected":false},"author":15,"featured_media":0,"comment_status":"closed","ping_status":"closed","sticky":false,"template":"","format":"standard","meta":{"footnotes":""},"categories":[33],"tags":[],"class_list":["post-3281","post","type-post","status-publish","format-standard","hentry","category-erasmus"],"_links":{"self":[{"href":"https:\/\/dev.iesislaverde.es\/index.php\/wp-json\/wp\/v2\/posts\/3281","targetHints":{"allow":["GET"]}}],"collection":[{"href":"https:\/\/dev.iesislaverde.es\/index.php\/wp-json\/wp\/v2\/posts"}],"about":[{"href":"https:\/\/dev.iesislaverde.es\/index.php\/wp-json\/wp\/v2\/types\/post"}],"author":[{"embeddable":true,"href":"https:\/\/dev.iesislaverde.es\/index.php\/wp-json\/wp\/v2\/users\/15"}],"replies":[{"embeddable":true,"href":"https:\/\/dev.iesislaverde.es\/index.php\/wp-json\/wp\/v2\/comments?post=3281"}],"version-history":[{"count":1,"href":"https:\/\/dev.iesislaverde.es\/index.php\/wp-json\/wp\/v2\/posts\/3281\/revisions"}],"predecessor-version":[{"id":3283,"href":"https:\/\/dev.iesislaverde.es\/index.php\/wp-json\/wp\/v2\/posts\/3281\/revisions\/3283"}],"wp:attachment":[{"href":"https:\/\/dev.iesislaverde.es\/index.php\/wp-json\/wp\/v2\/media?parent=3281"}],"wp:term":[{"taxonomy":"category","embeddable":true,"href":"https:\/\/dev.iesislaverde.es\/index.php\/wp-json\/wp\/v2\/categories?post=3281"},{"taxonomy":"post_tag","embeddable":true,"href":"https:\/\/dev.iesislaverde.es\/index.php\/wp-json\/wp\/v2\/tags?post=3281"}],"curies":[{"name":"wp","href":"https:\/\/api.w.org\/{rel}","templated":true}]}}