{"id":3284,"date":"2021-04-24T19:05:25","date_gmt":"2021-04-24T19:05:25","guid":{"rendered":"https:\/\/www.iesislaverde.es\/?p=3284"},"modified":"2021-04-24T19:05:25","modified_gmt":"2021-04-24T19:05:25","slug":"protecto-etwinning-covid-isnt-mean","status":"publish","type":"post","link":"https:\/\/dev.iesislaverde.es\/index.php\/2021\/04\/24\/protecto-etwinning-covid-isnt-mean\/","title":{"rendered":"Protecto eTwinning: Covid isn\u00b4t mean"},"content":{"rendered":"<p>Tras una primera fase de actividades en las que nuestras alumnas de 1\u00ba Bachillerato C han conocido a diferentes estudiantes de Turqu\u00eda, Italia, Georgia y Polonia, al igual que han profundizado en las costumbres y la cultura de dichos pa\u00edses, a partir de ahora se han integrado en grupos multinacionales y deben presentar un trabajo final que refleje el sentir de estos j\u00f3venes en relaci\u00f3n a diversos temas de su inter\u00e9s.<img loading=\"lazy\" decoding=\"async\" class=\"size-medium wp-image-3285 aligncenter\" src=\"https:\/\/dev.iesislaverde.es\/wp-content\/uploads\/2021\/04\/Etwinning-COVID-19-isnt-Mean.-International-Groups-284x300.png\" alt=\"\" width=\"284\" height=\"300\" srcset=\"https:\/\/dev.iesislaverde.es\/wp-content\/uploads\/2021\/04\/Etwinning-COVID-19-isnt-Mean.-International-Groups-284x300.png 284w, https:\/\/dev.iesislaverde.es\/wp-content\/uploads\/2021\/04\/Etwinning-COVID-19-isnt-Mean.-International-Groups.png 605w\" sizes=\"auto, (max-width: 284px) 100vw, 284px\" \/><\/p>\n","protected":false},"excerpt":{"rendered":"<p>Tras una primera fase de actividades en las que nuestras alumnas de 1\u00ba Bachillerato C han conocido a diferentes estudiantes de Turqu\u00eda, Italia, Georgia y Polonia, al igual que han profundizado en las costumbres y la cultura de dichos pa\u00edses, a partir de ahora se han integrado en grupos multinacionales y deben presentar un trabajo [&hellip;]<\/p>\n","protected":false},"author":15,"featured_media":3285,"comment_status":"closed","ping_status":"closed","sticky":false,"template":"","format":"standard","meta":{"footnotes":""},"categories":[33],"tags":[],"class_list":["post-3284","post","type-post","status-publish","format-standard","has-post-thumbnail","hentry","category-erasmus"],"_links":{"self":[{"href":"https:\/\/dev.iesislaverde.es\/index.php\/wp-json\/wp\/v2\/posts\/3284","targetHints":{"allow":["GET"]}}],"collection":[{"href":"https:\/\/dev.iesislaverde.es\/index.php\/wp-json\/wp\/v2\/posts"}],"about":[{"href":"https:\/\/dev.iesislaverde.es\/index.php\/wp-json\/wp\/v2\/types\/post"}],"author":[{"embeddable":true,"href":"https:\/\/dev.iesislaverde.es\/index.php\/wp-json\/wp\/v2\/users\/15"}],"replies":[{"embeddable":true,"href":"https:\/\/dev.iesislaverde.es\/index.php\/wp-json\/wp\/v2\/comments?post=3284"}],"version-history":[{"count":1,"href":"https:\/\/dev.iesislaverde.es\/index.php\/wp-json\/wp\/v2\/posts\/3284\/revisions"}],"predecessor-version":[{"id":3286,"href":"https:\/\/dev.iesislaverde.es\/index.php\/wp-json\/wp\/v2\/posts\/3284\/revisions\/3286"}],"wp:featuredmedia":[{"embeddable":true,"href":"https:\/\/dev.iesislaverde.es\/index.php\/wp-json\/wp\/v2\/media\/3285"}],"wp:attachment":[{"href":"https:\/\/dev.iesislaverde.es\/index.php\/wp-json\/wp\/v2\/media?parent=3284"}],"wp:term":[{"taxonomy":"category","embeddable":true,"href":"https:\/\/dev.iesislaverde.es\/index.php\/wp-json\/wp\/v2\/categories?post=3284"},{"taxonomy":"post_tag","embeddable":true,"href":"https:\/\/dev.iesislaverde.es\/index.php\/wp-json\/wp\/v2\/tags?post=3284"}],"curies":[{"name":"wp","href":"https:\/\/api.w.org\/{rel}","templated":true}]}}