{"id":3289,"date":"2021-04-30T10:41:18","date_gmt":"2021-04-30T10:41:18","guid":{"rendered":"https:\/\/www.iesislaverde.es\/?p=3289"},"modified":"2021-04-30T10:44:03","modified_gmt":"2021-04-30T10:44:03","slug":"trabajo-final-premiado-etwinning-covid-isnt-mean","status":"publish","type":"post","link":"https:\/\/dev.iesislaverde.es\/index.php\/2021\/04\/30\/trabajo-final-premiado-etwinning-covid-isnt-mean\/","title":{"rendered":"Trabajo final premiado proyecto eTwinning: Covid isn\u00b4t mean"},"content":{"rendered":"<div style=\"text-align: justify;\">El 28 de abril acab\u00f3 el proyecto e-twinning COVID&#8217;19 isn&#8217;t Mean en el que 10 alumnas de 1\u00ba Bachillerato han participado activamente. El trabajo final consisti\u00f3 en presentar un estudio relacionado con alguna actividad de tiempo libre en los distintos pa\u00edses participantes. Para ello se formaron grupos internacionales e investigaron sobre dicha actividad en cada pa\u00eds de los integrantes del grupo. El trabajo premiado perteneci\u00f3 al estudio realizado sobre la m\u00fasica en Georgia, Espa\u00f1a, Italia, Turqu\u00eda y Polonia. Claudia Sabugueiro y Nerea Tejada eran las representantes de nuestro centro en dicho trabajo. Asimismo, el grupo en el que trabaj\u00f3 la alumna Carmen Rico qued\u00f3 en segundo lugar. Y en tercer lugar el trabajo presentado por Alicia Rico, Montse N\u00fa\u00f1ez y Miriam Sanmart\u00edn.\u00a0 Enhorabuena a ellas y a todas las participantes. El enlace para ver el trabajo ganador es el siguiente:<\/div>\n<div><\/div>\n<p><a href=\"https:\/\/www.canva.com\/design\/DAEcm97U36c\/pX_3d53DQ-QiPyUvHFk0PQ\/view?utm_content=DAEcm97U36c&amp;utm_campaign=designshare&amp;utm_medium=link&amp;utm_source=viewer\" target=\"_blank\" rel=\"noopener\" data-saferedirecturl=\"https:\/\/www.google.com\/url?q=https:\/\/www.canva.com\/design\/DAEcm97U36c\/pX_3d53DQ-QiPyUvHFk0PQ\/view?utm_content%3DDAEcm97U36c%26utm_campaign%3Ddesignshare%26utm_medium%3Dlink%26utm_source%3Dviewer&amp;source=gmail&amp;ust=1619863898640000&amp;usg=AFQjCNEkJUTxDjc8HEu_Y3Ko4E90rslsxg\">https:\/\/www.canva.com\/design\/<wbr \/>DAEcm97U36c\/pX_3d53DQ-<wbr \/>QiPyUvHFk0PQ\/view?utm_content=<wbr \/>DAEcm97U36c&amp;utm_campaign=<wbr \/>designshare&amp;utm_medium=link&amp;<wbr \/>utm_source=viewer<\/a><\/p>\n\n\t\t<style type=\"text\/css\">\n\t\t\t#gallery-1 {\n\t\t\t\tmargin: auto;\n\t\t\t}\n\t\t\t#gallery-1 .gallery-item {\n\t\t\t\tfloat: left;\n\t\t\t\tmargin-top: 10px;\n\t\t\t\ttext-align: center;\n\t\t\t\twidth: 33%;\n\t\t\t}\n\t\t\t#gallery-1 img {\n\t\t\t\tborder: 2px solid #cfcfcf;\n\t\t\t}\n\t\t\t#gallery-1 .gallery-caption {\n\t\t\t\tmargin-left: 0;\n\t\t\t}\n\t\t\t\/* see gallery_shortcode() in wp-includes\/media.php *\/\n\t\t<\/style>\n\t\t<div id='gallery-1' class='gallery galleryid-3289 gallery-columns-3 gallery-size-thumbnail'><dl class='gallery-item'>\n\t\t\t<dt class='gallery-icon landscape'>\n\t\t\t\t<a href='https:\/\/dev.iesislaverde.es\/index.php\/2021\/04\/30\/trabajo-final-premiado-etwinning-covid-isnt-mean\/whatsapp-image-2021-04-29-at-14-54-01\/'><img loading=\"lazy\" decoding=\"async\" width=\"150\" height=\"150\" src=\"https:\/\/dev.iesislaverde.es\/wp-content\/uploads\/2021\/04\/WhatsApp-Image-2021-04-29-at-14.54.01-150x150.jpeg\" class=\"attachment-thumbnail size-thumbnail\" alt=\"\" \/><\/a>\n\t\t\t<\/dt><\/dl><dl class='gallery-item'>\n\t\t\t<dt class='gallery-icon landscape'>\n\t\t\t\t<a href='https:\/\/dev.iesislaverde.es\/index.php\/2021\/04\/30\/trabajo-final-premiado-etwinning-covid-isnt-mean\/whatsapp-image-2021-04-29-at-14-54-02\/'><img loading=\"lazy\" decoding=\"async\" width=\"150\" height=\"150\" src=\"https:\/\/dev.iesislaverde.es\/wp-content\/uploads\/2021\/04\/WhatsApp-Image-2021-04-29-at-14.54.02-150x150.jpeg\" class=\"attachment-thumbnail size-thumbnail\" alt=\"\" \/><\/a>\n\t\t\t<\/dt><\/dl><dl class='gallery-item'>\n\t\t\t<dt class='gallery-icon landscape'>\n\t\t\t\t<a href='https:\/\/dev.iesislaverde.es\/index.php\/2021\/04\/30\/trabajo-final-premiado-etwinning-covid-isnt-mean\/whatsapp-image-2021-04-29-at-14-54-03\/'><img loading=\"lazy\" decoding=\"async\" width=\"150\" height=\"150\" src=\"https:\/\/dev.iesislaverde.es\/wp-content\/uploads\/2021\/04\/WhatsApp-Image-2021-04-29-at-14.54.03-150x150.jpeg\" class=\"attachment-thumbnail size-thumbnail\" alt=\"\" \/><\/a>\n\t\t\t<\/dt><\/dl><br style=\"clear: both\" \/>\n\t\t<\/div>\n\n","protected":false},"excerpt":{"rendered":"<p>El 28 de abril acab\u00f3 el proyecto e-twinning COVID&#8217;19 isn&#8217;t Mean en el que 10 alumnas de 1\u00ba Bachillerato han participado activamente. El trabajo final consisti\u00f3 en presentar un estudio relacionado con alguna actividad de tiempo libre en los distintos pa\u00edses participantes. Para ello se formaron grupos internacionales e investigaron sobre dicha actividad en cada [&hellip;]<\/p>\n","protected":false},"author":15,"featured_media":0,"comment_status":"closed","ping_status":"closed","sticky":false,"template":"","format":"standard","meta":{"footnotes":""},"categories":[33],"tags":[],"class_list":["post-3289","post","type-post","status-publish","format-standard","hentry","category-erasmus"],"_links":{"self":[{"href":"https:\/\/dev.iesislaverde.es\/index.php\/wp-json\/wp\/v2\/posts\/3289","targetHints":{"allow":["GET"]}}],"collection":[{"href":"https:\/\/dev.iesislaverde.es\/index.php\/wp-json\/wp\/v2\/posts"}],"about":[{"href":"https:\/\/dev.iesislaverde.es\/index.php\/wp-json\/wp\/v2\/types\/post"}],"author":[{"embeddable":true,"href":"https:\/\/dev.iesislaverde.es\/index.php\/wp-json\/wp\/v2\/users\/15"}],"replies":[{"embeddable":true,"href":"https:\/\/dev.iesislaverde.es\/index.php\/wp-json\/wp\/v2\/comments?post=3289"}],"version-history":[{"count":4,"href":"https:\/\/dev.iesislaverde.es\/index.php\/wp-json\/wp\/v2\/posts\/3289\/revisions"}],"predecessor-version":[{"id":3296,"href":"https:\/\/dev.iesislaverde.es\/index.php\/wp-json\/wp\/v2\/posts\/3289\/revisions\/3296"}],"wp:attachment":[{"href":"https:\/\/dev.iesislaverde.es\/index.php\/wp-json\/wp\/v2\/media?parent=3289"}],"wp:term":[{"taxonomy":"category","embeddable":true,"href":"https:\/\/dev.iesislaverde.es\/index.php\/wp-json\/wp\/v2\/categories?post=3289"},{"taxonomy":"post_tag","embeddable":true,"href":"https:\/\/dev.iesislaverde.es\/index.php\/wp-json\/wp\/v2\/tags?post=3289"}],"curies":[{"name":"wp","href":"https:\/\/api.w.org\/{rel}","templated":true}]}}