{"id":3308,"date":"2021-05-28T10:47:56","date_gmt":"2021-05-28T10:47:56","guid":{"rendered":"https:\/\/www.iesislaverde.es\/?p=3308"},"modified":"2021-05-30T09:10:57","modified_gmt":"2021-05-30T09:10:57","slug":"entrega-de-calificaciones-finales-de-4o-y-2o-de-bachillerato","status":"publish","type":"post","link":"https:\/\/dev.iesislaverde.es\/index.php\/2021\/05\/28\/entrega-de-calificaciones-finales-de-4o-y-2o-de-bachillerato\/","title":{"rendered":"Entrega de calificaciones finales de 4\u00ba, 2\u00ba de bachillerato, FP y FPB"},"content":{"rendered":"<p>Estimado alumnado y familias:<\/p>\n<p>La entrega del bolet\u00edn de calificaciones de las evaluaciones finales ordinarias de los niveles de 2\u00ba de bachillerato y 4\u00baESO se realizar\u00e1n por el punto de recogida electr\u00f3nico seg\u00fan las fechas:<\/p>\n<p>2\u00ba de bachillerato: 31 de mayo por la tarde tras las sesiones de evaluaci\u00f3n. A partir de las 20:30h<\/p>\n<p>4\u00ba ESO: 8 de junio por la ma\u00f1ana. 12 horas.<\/p>\n<p>FPB: 1 de junio<\/p>\n<p>FP (3\u00aa evaluaci\u00f3n): 1 de junio<\/p>\n<p>Enlace al punto de recogida: <a href=\"https:\/\/seneca.juntadeandalucia.es\/seneca\/puntoderecogida\/index.html\">https:\/\/seneca.juntadeandalucia.es\/seneca\/puntoderecogida\/index.html<\/a><\/p>\n<p>El periodo de refuerzo y recuperaci\u00f3n ser\u00e1 del 1 al 22 de junio en 2\u00ba de bachillerato y del 8 al 22 de junio en 4\u00ba de ESO.<\/p>\n<p>El alumnado de 2\u00ba de bachillerato con alguna materia no superada, recibir\u00e1, junto al bolet\u00edn de calificaciones, un plan individualizado de refuerzo y recuperaci\u00f3n, y\u00a0 deber\u00e1 asistir de forma obligatoria salvo que se manifieste por escrito lo contrario. El alumnado con materias superadas podr\u00e1 asistir voluntariamente para preparar las pruebas de acceso a la universidad.<\/p>\n<p>El alumnado de 4\u00ba de ESO deber\u00e1 asistir en todos los casos hasta el d\u00eda 22 de junio obligatoriamente. As\u00ed, el alumnado con alguna materia no superada llevar\u00e1 a cabo un plan individualizado de refuerzo y recuperaci\u00f3n en dicha materia, que recibir\u00e1 junto al bolet\u00edn de calificaciones. En las materias superadas se desarrollar\u00e1n actividades de profundizaci\u00f3n.<\/p>\n<p>&nbsp;<\/p>\n<p>Un\u00a0 cordial saludo, la direcci\u00f3n.<\/p>\n","protected":false},"excerpt":{"rendered":"<p>Estimado alumnado y familias: La entrega del bolet\u00edn de calificaciones de las evaluaciones finales ordinarias de los niveles de 2\u00ba de bachillerato y 4\u00baESO se realizar\u00e1n por el punto de recogida electr\u00f3nico seg\u00fan las fechas: 2\u00ba de bachillerato: 31 de mayo por la tarde tras las sesiones de evaluaci\u00f3n. A partir de las 20:30h 4\u00ba [&hellip;]<\/p>\n","protected":false},"author":15,"featured_media":0,"comment_status":"closed","ping_status":"closed","sticky":false,"template":"","format":"standard","meta":{"footnotes":""},"categories":[1],"tags":[],"class_list":["post-3308","post","type-post","status-publish","format-standard","hentry","category-isla-verde"],"_links":{"self":[{"href":"https:\/\/dev.iesislaverde.es\/index.php\/wp-json\/wp\/v2\/posts\/3308","targetHints":{"allow":["GET"]}}],"collection":[{"href":"https:\/\/dev.iesislaverde.es\/index.php\/wp-json\/wp\/v2\/posts"}],"about":[{"href":"https:\/\/dev.iesislaverde.es\/index.php\/wp-json\/wp\/v2\/types\/post"}],"author":[{"embeddable":true,"href":"https:\/\/dev.iesislaverde.es\/index.php\/wp-json\/wp\/v2\/users\/15"}],"replies":[{"embeddable":true,"href":"https:\/\/dev.iesislaverde.es\/index.php\/wp-json\/wp\/v2\/comments?post=3308"}],"version-history":[{"count":2,"href":"https:\/\/dev.iesislaverde.es\/index.php\/wp-json\/wp\/v2\/posts\/3308\/revisions"}],"predecessor-version":[{"id":3312,"href":"https:\/\/dev.iesislaverde.es\/index.php\/wp-json\/wp\/v2\/posts\/3308\/revisions\/3312"}],"wp:attachment":[{"href":"https:\/\/dev.iesislaverde.es\/index.php\/wp-json\/wp\/v2\/media?parent=3308"}],"wp:term":[{"taxonomy":"category","embeddable":true,"href":"https:\/\/dev.iesislaverde.es\/index.php\/wp-json\/wp\/v2\/categories?post=3308"},{"taxonomy":"post_tag","embeddable":true,"href":"https:\/\/dev.iesislaverde.es\/index.php\/wp-json\/wp\/v2\/tags?post=3308"}],"curies":[{"name":"wp","href":"https:\/\/api.w.org\/{rel}","templated":true}]}}