{"id":3315,"date":"2021-06-03T12:38:34","date_gmt":"2021-06-03T12:38:34","guid":{"rendered":"https:\/\/www.iesislaverde.es\/?p=3315"},"modified":"2021-06-13T21:50:38","modified_gmt":"2021-06-13T21:50:38","slug":"sello-de-calidad-etwinning-de-la-agencia-nacional","status":"publish","type":"post","link":"https:\/\/dev.iesislaverde.es\/index.php\/2021\/06\/03\/sello-de-calidad-etwinning-de-la-agencia-nacional\/","title":{"rendered":"Sello de calidad eTwinning de la Agencia Nacional."},"content":{"rendered":"<div dir=\"auto\">Enhorabuena a nuestras alumnas de 1\u00ba Bachillerato C y a su coordinador, Paco S\u00e1nchez, que han participado en el proyecto e-Twinning COVID&#8217;19 Isn&#8217;t Mean.<\/div>\n<div dir=\"auto\">El jueves 3 de junio este proyecto e-Twinning del IES Isla Verde consigui\u00f3 el Sello de Calidad de la Agencia Nacional. Es el segundo sello que obtiene al hab\u00e9rsele concedido tambi\u00e9n al centro educativo que participaba de Turqu\u00eda.<\/div>\n<div dir=\"auto\">De esta manera, se optar\u00e1 al Sello Europeo de Calidad. Este reconocimiento ayuda al profesorado y alumnado a seguir propiciando y participando en estos proyectos. El IES Isla Verde tiene como uno de los objetivos de centro la participaci\u00f3n activa de los miembros de la comunidad educativa en proyectos que favorecen la internacionalizaci\u00f3n del mismo a la vez que los alumnos encuentran una motivaci\u00f3n extra en su aprendizaje al estar en contacto con alumnado de otros pa\u00edses y usando un segundo idioma como veh\u00edculo de comunicaci\u00f3n.<img loading=\"lazy\" decoding=\"async\" class=\"size-medium wp-image-3316 aligncenter\" src=\"https:\/\/dev.iesislaverde.es\/wp-content\/uploads\/2021\/06\/National-Quality-Label.-COVID-19-isnt-mean-300x212.jpg\" alt=\"\" width=\"300\" height=\"212\" srcset=\"https:\/\/dev.iesislaverde.es\/wp-content\/uploads\/2021\/06\/National-Quality-Label.-COVID-19-isnt-mean-300x212.jpg 300w, https:\/\/dev.iesislaverde.es\/wp-content\/uploads\/2021\/06\/National-Quality-Label.-COVID-19-isnt-mean-1024x724.jpg 1024w, https:\/\/dev.iesislaverde.es\/wp-content\/uploads\/2021\/06\/National-Quality-Label.-COVID-19-isnt-mean-768x543.jpg 768w, https:\/\/dev.iesislaverde.es\/wp-content\/uploads\/2021\/06\/National-Quality-Label.-COVID-19-isnt-mean-1536x1085.jpg 1536w, https:\/\/dev.iesislaverde.es\/wp-content\/uploads\/2021\/06\/National-Quality-Label.-COVID-19-isnt-mean.jpg 1684w\" sizes=\"auto, (max-width: 300px) 100vw, 300px\" \/><\/div>\n","protected":false},"excerpt":{"rendered":"<p>Enhorabuena a nuestras alumnas de 1\u00ba Bachillerato C y a su coordinador, Paco S\u00e1nchez, que han participado en el proyecto e-Twinning COVID&#8217;19 Isn&#8217;t Mean. El jueves 3 de junio este proyecto e-Twinning del IES Isla Verde consigui\u00f3 el Sello de Calidad de la Agencia Nacional. Es el segundo sello que obtiene al hab\u00e9rsele concedido tambi\u00e9n [&hellip;]<\/p>\n","protected":false},"author":15,"featured_media":0,"comment_status":"closed","ping_status":"closed","sticky":false,"template":"","format":"standard","meta":{"footnotes":""},"categories":[33,1],"tags":[],"class_list":["post-3315","post","type-post","status-publish","format-standard","hentry","category-erasmus","category-isla-verde"],"_links":{"self":[{"href":"https:\/\/dev.iesislaverde.es\/index.php\/wp-json\/wp\/v2\/posts\/3315","targetHints":{"allow":["GET"]}}],"collection":[{"href":"https:\/\/dev.iesislaverde.es\/index.php\/wp-json\/wp\/v2\/posts"}],"about":[{"href":"https:\/\/dev.iesislaverde.es\/index.php\/wp-json\/wp\/v2\/types\/post"}],"author":[{"embeddable":true,"href":"https:\/\/dev.iesislaverde.es\/index.php\/wp-json\/wp\/v2\/users\/15"}],"replies":[{"embeddable":true,"href":"https:\/\/dev.iesislaverde.es\/index.php\/wp-json\/wp\/v2\/comments?post=3315"}],"version-history":[{"count":1,"href":"https:\/\/dev.iesislaverde.es\/index.php\/wp-json\/wp\/v2\/posts\/3315\/revisions"}],"predecessor-version":[{"id":3317,"href":"https:\/\/dev.iesislaverde.es\/index.php\/wp-json\/wp\/v2\/posts\/3315\/revisions\/3317"}],"wp:attachment":[{"href":"https:\/\/dev.iesislaverde.es\/index.php\/wp-json\/wp\/v2\/media?parent=3315"}],"wp:term":[{"taxonomy":"category","embeddable":true,"href":"https:\/\/dev.iesislaverde.es\/index.php\/wp-json\/wp\/v2\/categories?post=3315"},{"taxonomy":"post_tag","embeddable":true,"href":"https:\/\/dev.iesislaverde.es\/index.php\/wp-json\/wp\/v2\/tags?post=3315"}],"curies":[{"name":"wp","href":"https:\/\/api.w.org\/{rel}","templated":true}]}}