{"id":3368,"date":"2021-06-16T22:12:08","date_gmt":"2021-06-16T22:12:08","guid":{"rendered":"https:\/\/www.iesislaverde.es\/?p=3368"},"modified":"2021-06-16T22:16:40","modified_gmt":"2021-06-16T22:16:40","slug":"escrito-familias-entrega-de-calificaciones-finales","status":"publish","type":"post","link":"https:\/\/dev.iesislaverde.es\/index.php\/2021\/06\/16\/escrito-familias-entrega-de-calificaciones-finales\/","title":{"rendered":"Escrito familias entrega de calificaciones finales"},"content":{"rendered":"<p>Estimadas familias:<\/p>\n<p>Adjunto aportamos escrito con informaci\u00f3n relevante relativa a la finalizaci\u00f3n del curso. Descargar <a href=\"https:\/\/dev.iesislaverde.es\/wp-content\/uploads\/2021\/06\/Escrito-entrega-boletines_final.pdf\">aqu\u00ed<\/a><\/p>\n<p>&nbsp;<\/p>\n<h3 style=\"text-align: center;\">PUBLICACI\u00d3N DE CALIFICACIONES<\/h3>\n<h3 style=\"text-align: center;\">(a trav\u00e9s del punto de recogida electr\u00f3nico)<\/h3>\n<table>\n<tbody>\n<tr>\n<td style=\"text-align: center;\" width=\"210\"><strong>\u00a0<\/strong><\/td>\n<td style=\"text-align: center;\" width=\"217\"><strong>Ordinaria<\/strong><\/td>\n<td width=\"217\">\n<p style=\"text-align: center;\"><strong>Extraordinaria<\/strong><\/p>\n<p style=\"text-align: center;\"><strong>(solo alumnado con materias suspensas en ordinaria)<\/strong><\/p>\n<\/td>\n<\/tr>\n<tr>\n<td style=\"text-align: center;\" width=\"210\"><strong>2\u00ba BACHILLERATO<\/strong><\/td>\n<td style=\"text-align: center;\" width=\"217\">31 de mayo<\/p>\n<p>(a partir de la 20:30h)<\/td>\n<td width=\"217\">\n<p style=\"text-align: center;\">24 de junio<\/p>\n<p style=\"text-align: center;\">(a partir de las 12 h)<\/p>\n<\/td>\n<\/tr>\n<tr>\n<td style=\"text-align: center;\" width=\"210\"><strong>4\u00ba ESO<\/strong><\/td>\n<td style=\"text-align: center;\" width=\"217\">8 de junio<\/p>\n<p>(a partir de las 12h)<\/td>\n<td width=\"217\">\n<p style=\"text-align: center;\">24 de junio<\/p>\n<p style=\"text-align: center;\">(a partir de las 12 h)<\/p>\n<\/td>\n<\/tr>\n<tr>\n<td width=\"210\">\n<p style=\"text-align: center;\"><strong>1\u00ba a 3\u00ba ESO y <\/strong><\/p>\n<p style=\"text-align: center;\"><strong>1\u00ba BACHILLERATO<\/strong><\/p>\n<\/td>\n<td width=\"217\">\n<p style=\"text-align: center;\"><strong>25 de junio<\/strong><\/p>\n<p style=\"text-align: center;\"><strong>(a partir de las 12 h)<\/strong><\/p>\n<\/td>\n<td style=\"text-align: center;\" width=\"217\">4 y 5 de septiembre<\/td>\n<\/tr>\n<\/tbody>\n<\/table>\n<p style=\"text-align: center;\"><strong>\u00a0<\/strong><\/p>\n<table class=\" aligncenter\">\n<tbody>\n<tr>\n<td width=\"210\"><strong>\u00a0<\/strong><\/td>\n<td width=\"217\"><strong>\u00a0 \u00a0 \u00a0 \u00a0 \u00a0 \u00a0 \u00a0 \u00a0 \u00a0 Final 1\u00aa<\/strong><\/td>\n<td width=\"217\"><strong>\u00a0 \u00a0 \u00a0 \u00a0 \u00a0 \u00a0 \u00a0 \u00a0Final 2\u00aa<\/strong><\/td>\n<\/tr>\n<tr>\n<td width=\"210\"><strong>\u00a0 \u00a0 \u00a0 \u00a0 \u00a0 \u00a0 \u00a0 \u00a0 \u00a0 \u00a0 \u00a0FPB<\/strong><\/td>\n<td width=\"217\">\u00a0 \u00a0 \u00a0 \u00a0 \u00a0 \u00a0 \u00a0 \u00a0 \u00a0 \u00a0 \u00a01 de junio<\/p>\n<p>(a partir de las 10h)<\/td>\n<td width=\"217\">\u00a0 \u00a0 \u00a0 \u00a0 \u00a0 \u00a0 \u00a0 \u00a0 25 de junio<\/td>\n<\/tr>\n<\/tbody>\n<\/table>\n<p style=\"text-align: center;\"><strong>\u00a0<\/strong><\/p>\n<table>\n<tbody>\n<tr>\n<td style=\"text-align: center;\" width=\"210\"><strong>\u00a0<\/strong><\/td>\n<td style=\"text-align: center;\" width=\"217\"><strong>3\u00aa evaluaci\u00f3n<\/strong><\/td>\n<td style=\"text-align: center;\" width=\"217\"><strong>Final FP<\/strong><\/td>\n<\/tr>\n<tr>\n<td style=\"text-align: center;\" width=\"210\"><strong>FP<\/strong><\/td>\n<td style=\"text-align: center;\" width=\"217\">1 de junio<\/p>\n<p>(a partir de las 12h)<\/td>\n<td style=\"text-align: center;\" width=\"217\">25 de junio<\/td>\n<\/tr>\n<\/tbody>\n<\/table>\n","protected":false},"excerpt":{"rendered":"<p>Estimadas familias: Adjunto aportamos escrito con informaci\u00f3n relevante relativa a la finalizaci\u00f3n del curso. Descargar aqu\u00ed &nbsp; PUBLICACI\u00d3N DE CALIFICACIONES (a trav\u00e9s del punto de recogida electr\u00f3nico) \u00a0 Ordinaria Extraordinaria (solo alumnado con materias suspensas en ordinaria) 2\u00ba BACHILLERATO 31 de mayo (a partir de la 20:30h) 24 de junio (a partir de las 12 [&hellip;]<\/p>\n","protected":false},"author":15,"featured_media":0,"comment_status":"closed","ping_status":"closed","sticky":false,"template":"","format":"standard","meta":{"footnotes":""},"categories":[1],"tags":[],"class_list":["post-3368","post","type-post","status-publish","format-standard","hentry","category-isla-verde"],"_links":{"self":[{"href":"https:\/\/dev.iesislaverde.es\/index.php\/wp-json\/wp\/v2\/posts\/3368","targetHints":{"allow":["GET"]}}],"collection":[{"href":"https:\/\/dev.iesislaverde.es\/index.php\/wp-json\/wp\/v2\/posts"}],"about":[{"href":"https:\/\/dev.iesislaverde.es\/index.php\/wp-json\/wp\/v2\/types\/post"}],"author":[{"embeddable":true,"href":"https:\/\/dev.iesislaverde.es\/index.php\/wp-json\/wp\/v2\/users\/15"}],"replies":[{"embeddable":true,"href":"https:\/\/dev.iesislaverde.es\/index.php\/wp-json\/wp\/v2\/comments?post=3368"}],"version-history":[{"count":6,"href":"https:\/\/dev.iesislaverde.es\/index.php\/wp-json\/wp\/v2\/posts\/3368\/revisions"}],"predecessor-version":[{"id":3550,"href":"https:\/\/dev.iesislaverde.es\/index.php\/wp-json\/wp\/v2\/posts\/3368\/revisions\/3550"}],"wp:attachment":[{"href":"https:\/\/dev.iesislaverde.es\/index.php\/wp-json\/wp\/v2\/media?parent=3368"}],"wp:term":[{"taxonomy":"category","embeddable":true,"href":"https:\/\/dev.iesislaverde.es\/index.php\/wp-json\/wp\/v2\/categories?post=3368"},{"taxonomy":"post_tag","embeddable":true,"href":"https:\/\/dev.iesislaverde.es\/index.php\/wp-json\/wp\/v2\/tags?post=3368"}],"curies":[{"name":"wp","href":"https:\/\/api.w.org\/{rel}","templated":true}]}}