{"id":3375,"date":"2021-06-16T22:23:38","date_gmt":"2021-06-16T22:23:38","guid":{"rendered":"https:\/\/www.iesislaverde.es\/?p=3375"},"modified":"2021-06-16T22:29:20","modified_gmt":"2021-06-16T22:29:20","slug":"revista-escolar-reverde","status":"publish","type":"post","link":"https:\/\/dev.iesislaverde.es\/index.php\/2021\/06\/16\/revista-escolar-reverde\/","title":{"rendered":"Revista Escolar Reverde n\u00ba 2. A\u00f1o 2021"},"content":{"rendered":"<p>Con mucha ilusi\u00f3n os informamos que la Revista Escolar 2021 ha visto la luz, en ella se plasman muchas de las producciones realizadas por el alumnado, adem\u00e1s, a modo de anuario, se publican art\u00edculos sobre actividades, proyectos, concursos,&#8230;. Esperamos que la disfrut\u00e9is.<\/p>\n<h1><a href=\"https:\/\/dev.iesislaverde.es\/index.php\/3d-flip-book\/revista-anual-reverde-2020-2021\/\">Accede a la revista aqu\u00ed<\/a><\/h1>\n","protected":false},"excerpt":{"rendered":"<p>Con mucha ilusi\u00f3n os informamos que la Revista Escolar 2021 ha visto la luz, en ella se plasman muchas de las producciones realizadas por el alumnado, adem\u00e1s, a modo de anuario, se publican art\u00edculos sobre actividades, proyectos, concursos,&#8230;. Esperamos que la disfrut\u00e9is. Accede a la revista aqu\u00ed<\/p>\n","protected":false},"author":15,"featured_media":3377,"comment_status":"closed","ping_status":"closed","sticky":false,"template":"","format":"standard","meta":{"footnotes":""},"categories":[1],"tags":[],"class_list":["post-3375","post","type-post","status-publish","format-standard","has-post-thumbnail","hentry","category-isla-verde"],"_links":{"self":[{"href":"https:\/\/dev.iesislaverde.es\/index.php\/wp-json\/wp\/v2\/posts\/3375","targetHints":{"allow":["GET"]}}],"collection":[{"href":"https:\/\/dev.iesislaverde.es\/index.php\/wp-json\/wp\/v2\/posts"}],"about":[{"href":"https:\/\/dev.iesislaverde.es\/index.php\/wp-json\/wp\/v2\/types\/post"}],"author":[{"embeddable":true,"href":"https:\/\/dev.iesislaverde.es\/index.php\/wp-json\/wp\/v2\/users\/15"}],"replies":[{"embeddable":true,"href":"https:\/\/dev.iesislaverde.es\/index.php\/wp-json\/wp\/v2\/comments?post=3375"}],"version-history":[{"count":2,"href":"https:\/\/dev.iesislaverde.es\/index.php\/wp-json\/wp\/v2\/posts\/3375\/revisions"}],"predecessor-version":[{"id":3378,"href":"https:\/\/dev.iesislaverde.es\/index.php\/wp-json\/wp\/v2\/posts\/3375\/revisions\/3378"}],"wp:featuredmedia":[{"embeddable":true,"href":"https:\/\/dev.iesislaverde.es\/index.php\/wp-json\/wp\/v2\/media\/3377"}],"wp:attachment":[{"href":"https:\/\/dev.iesislaverde.es\/index.php\/wp-json\/wp\/v2\/media?parent=3375"}],"wp:term":[{"taxonomy":"category","embeddable":true,"href":"https:\/\/dev.iesislaverde.es\/index.php\/wp-json\/wp\/v2\/categories?post=3375"},{"taxonomy":"post_tag","embeddable":true,"href":"https:\/\/dev.iesislaverde.es\/index.php\/wp-json\/wp\/v2\/tags?post=3375"}],"curies":[{"name":"wp","href":"https:\/\/api.w.org\/{rel}","templated":true}]}}