{"id":3438,"date":"2021-08-18T22:56:08","date_gmt":"2021-08-18T22:56:08","guid":{"rendered":"https:\/\/www.iesislaverde.es\/?p=3438"},"modified":"2021-08-18T22:56:08","modified_gmt":"2021-08-18T22:56:08","slug":"presentacion-actualizada-protocolo-covid-21-22","status":"publish","type":"post","link":"https:\/\/dev.iesislaverde.es\/index.php\/2021\/08\/18\/presentacion-actualizada-protocolo-covid-21-22\/","title":{"rendered":"Presentaci\u00f3n Actualizada Protocolo COVID 21-22"},"content":{"rendered":"<p>Se adjunta presentaci\u00f3n resumen del Protocolo COVID para el curso 2021-2022 y que se ir\u00e1 actualizando en funci\u00f3n de las novedades que se vayan publicando. Se destacan en amarillo las principales novedades.<\/p>\n<p style=\"text-align: center;\"><a href=\"https:\/\/drive.google.com\/file\/d\/10vtzDPxNuGZrv1Qh57Js1pRtotynTzyL\/view?usp=sharing\">ACCESO A LA PRESENTACI\u00d3N AQU\u00cd.<\/a><\/p>\n","protected":false},"excerpt":{"rendered":"<p>Se adjunta presentaci\u00f3n resumen del Protocolo COVID para el curso 2021-2022 y que se ir\u00e1 actualizando en funci\u00f3n de las novedades que se vayan publicando. Se destacan en amarillo las principales novedades. ACCESO A LA PRESENTACI\u00d3N AQU\u00cd.<\/p>\n","protected":false},"author":15,"featured_media":3162,"comment_status":"closed","ping_status":"closed","sticky":false,"template":"","format":"standard","meta":{"footnotes":""},"categories":[1],"tags":[],"class_list":["post-3438","post","type-post","status-publish","format-standard","has-post-thumbnail","hentry","category-isla-verde"],"_links":{"self":[{"href":"https:\/\/dev.iesislaverde.es\/index.php\/wp-json\/wp\/v2\/posts\/3438","targetHints":{"allow":["GET"]}}],"collection":[{"href":"https:\/\/dev.iesislaverde.es\/index.php\/wp-json\/wp\/v2\/posts"}],"about":[{"href":"https:\/\/dev.iesislaverde.es\/index.php\/wp-json\/wp\/v2\/types\/post"}],"author":[{"embeddable":true,"href":"https:\/\/dev.iesislaverde.es\/index.php\/wp-json\/wp\/v2\/users\/15"}],"replies":[{"embeddable":true,"href":"https:\/\/dev.iesislaverde.es\/index.php\/wp-json\/wp\/v2\/comments?post=3438"}],"version-history":[{"count":1,"href":"https:\/\/dev.iesislaverde.es\/index.php\/wp-json\/wp\/v2\/posts\/3438\/revisions"}],"predecessor-version":[{"id":3439,"href":"https:\/\/dev.iesislaverde.es\/index.php\/wp-json\/wp\/v2\/posts\/3438\/revisions\/3439"}],"wp:featuredmedia":[{"embeddable":true,"href":"https:\/\/dev.iesislaverde.es\/index.php\/wp-json\/wp\/v2\/media\/3162"}],"wp:attachment":[{"href":"https:\/\/dev.iesislaverde.es\/index.php\/wp-json\/wp\/v2\/media?parent=3438"}],"wp:term":[{"taxonomy":"category","embeddable":true,"href":"https:\/\/dev.iesislaverde.es\/index.php\/wp-json\/wp\/v2\/categories?post=3438"},{"taxonomy":"post_tag","embeddable":true,"href":"https:\/\/dev.iesislaverde.es\/index.php\/wp-json\/wp\/v2\/tags?post=3438"}],"curies":[{"name":"wp","href":"https:\/\/api.w.org\/{rel}","templated":true}]}}